{"id":7530,"date":"2024-10-24T12:36:27","date_gmt":"2024-10-24T10:36:27","guid":{"rendered":"https:\/\/isempackaginggroup.com\/?p=7530"},"modified":"2024-10-25T17:22:07","modified_gmt":"2024-10-25T15:22:07","slug":"isem-dans-le-monde-en-explorant-certains-parmi-les-plus-prestigieux-salons-mondiaux-de-lemballage-de-luxe","status":"publish","type":"post","link":"https:\/\/isempackaginggroup.com\/fr\/isem-dans-le-monde-en-explorant-certains-parmi-les-plus-prestigieux-salons-mondiaux-de-lemballage-de-luxe\/","title":{"rendered":"ISEM dans le monde: en explorant certains parmi les plus prestigieux salons mondiaux de l\u2019emballage de luxe"},"content":{"rendered":"<div class=\"wpb-content-wrapper\"><p>[vc_row css=&#8221;.vc_custom_1729766435574{margin-bottom: 35px !important;}&#8221;][vc_column][vc_column_text css=&#8221;&#8221;]<\/p>\n<p style=\"text-align: justify;\">En tant qu\u2019entreprise <strong>leader dans la production d\u2019emballages et coffrets pour le march\u00e9 du luxe<\/strong>, Isem Packaging Groupe est toujours engag\u00e9 dans l\u2019\u00e9tude de <strong>solutions d\u2019emballage exclusives et personnalis\u00e9es<\/strong>, de plus en plus <strong>actuelles<\/strong><strong>, efficaces et durables<\/strong> pour exalter le caract\u00e8re unique des produits de nos clients internationaux. Un objectif qui ne pourrait \u00eatre atteint sans une surveillance continue et attentive de tout ce qui concerne l\u2019<strong>avant-garde<\/strong><strong> technologique<\/strong>, l\u2019<strong>innovation du design<\/strong> et l\u2019 <strong>\u00e9volution du go\u00fbt<\/strong> dans le monde entier<\/p>\n<p>[\/vc_column_text][\/vc_column][\/vc_row][vc_row css=&#8221;.vc_custom_1729766526945{margin-bottom: 35px !important;}&#8221;][vc_column][vc_column_text css=&#8221;&#8221;]<\/p>\n<p style=\"text-align: justify;\">Participer <strong>aux<\/strong><strong> foires sp\u00e9cialis\u00e9es dans l\u2019emballage de luxe les plus prestigieuses du monde<\/strong> devient ainsi, pour notre Groupe, une occasion pr\u00e9cieuse et strat\u00e9gique pour entrer en contact avec les <strong>principales nouveaut\u00e9s du secteur<\/strong>, mais aussi pour nous confronter aux plus grands acteurs du march\u00e9 et \u00e9tablir de nouvelles collaborations. Voici donc un aper\u00e7u chronologique de certains des \u00e9v\u00e9nements les plus importants pour le march\u00e9 de l\u2019emballage de luxe auxquels notre Groupe assiste au cours de l\u2019ann\u00e9e.<\/p>\n<p>[\/vc_column_text][\/vc_column][\/vc_row][vc_row css=&#8221;.vc_custom_1729766957501{margin-bottom: 35px !important;}&#8221;][vc_column width=&#8221;1\/2&#8243;][vc_column_text css=&#8221;&#8221;]<\/p>\n<p style=\"text-align: justify;\"><a href=\"https:\/\/www.luxepackmonaco.com\/\" target=\"_blank\" rel=\"noopener\"><strong>Luxe Pack Monaco<\/strong><\/a>, Monte-Carlo <strong>\u2013 <\/strong>Consid\u00e9r\u00e9e comme <strong>l\u2019\u00e9tape la plus prestigieuse du format Luxe Pack<\/strong>, ce salon r\u00e9unit chaque ann\u00e9e les meilleurs fournisseurs de solutions cr\u00e9atives pour l\u2019emballage de produiit haut de gamme dans les <strong>secteurs de la cosm\u00e9tique, des parfums, des montres, des vins et des spiritueux et de la mode<\/strong>. L\u2019edition 2024 a vu <a href=\"https:\/\/www.linkedin.com\/posts\/isemgroup_isempackaginggroup-luxepackmonaco-packagingdilusso-activity-7244267048787226625-wH6y?utm_source=share&amp;utm_medium=member_desktop\" target=\"_blank\" rel=\"noopener\">nous aussi protagonistes <\/a>avec notre soci\u00e9t\u00e9 Bartoli Packaging Srl. Gr\u00e2ce \u00e0 ce salon nous avons consolid\u00e9 les relations avec nos partenaires historiques et \u00e9tabli de nouvelles collaborations strat\u00e9giques. Le <strong>retour <\/strong><strong>des visiteurs a \u00e9t\u00e9 extr\u00eamement positif<\/strong>, surtout vers nos derni\u00e8res solutions d\u2019<strong>emballage durable<\/strong>.<\/p>\n<p>[\/vc_column_text][\/vc_column][vc_column width=&#8221;1\/2&#8243;][vc_single_image image=&#8221;7534&#8243; img_size=&#8221;full&#8221; alignment=&#8221;center&#8221; onclick=&#8221;link_image&#8221; css=&#8221;&#8221;][\/vc_column][\/vc_row][vc_row css=&#8221;.vc_custom_1729766537714{margin-bottom: 35px !important;}&#8221;][vc_column][vc_column_text css=&#8221;&#8221;]<\/p>\n<p style=\"text-align: justify;\"><a href=\"https:\/\/beautyworld-middle-east.ae.messefrankfurt.com\/dubai\/en.html\" target=\"_blank\" rel=\"noopener\"><strong>Beautyworld Middle East<\/strong><\/a>, Dubai (28-30 octobre 2024) \u2013 Ce salon est la plateforme id\u00e9ale pour p\u00e9n\u00e9trer le march\u00e9 <strong>de la beaut\u00e9 au Moyen-Orient <\/strong>et<strong> d\u00e9couvrir l<\/strong><strong>es pr\u00e9f\u00e9rences des consommateurs de cette r\u00e9gion <\/strong>en croissance rapide. Nous serons parmi les 70.000 professionnels du secteur attendus \u00e0 cette 28\u00e8me edition. <a href=\"https:\/\/isempackaginggroup.com\/fr\/contacts\/\">\u00c9crivez-nous pour un rendez-vous<\/a> et venez nous voir au Prestige Pack, Hall 2 \u2013 STAND H12.<\/p>\n<p>[\/vc_column_text][\/vc_column][\/vc_row][vc_row css=&#8221;.vc_custom_1729766596363{margin-bottom: 35px !important;}&#8221;][vc_column width=&#8221;1\/2&#8243;][vc_column_text css=&#8221;&#8221;]<\/p>\n<p style=\"text-align: justify;\"><a href=\"https:\/\/www.parispackagingweek.com\/fr\/\" target=\"_blank\" rel=\"noopener\"><strong>Paris Packaging Week<\/strong><\/a>, Paris (28-29 janvier 2025) \u2013 Dans le cadre de la <strong>Paris Packaging Week<\/strong>, PCD &#8211; Packaging of Perfume, Cosmetics &amp; Design est le salon <strong>multiprim\u00e9<\/strong> de l\u2019emballage pour la cosm\u00e9tique et la parfumerie. Deux journ\u00e9es d\u00e9di\u00e9es \u00e0 la d\u00e9couverte de formes, bo\u00eetes et produits, de propositions green et des tendances qui d\u00e9voileront les nouvelles productions du 2025. Isem Packaging Group sera \u00e9galement pr\u00e9sent <strong>STAND K130<\/strong>: <a href=\"https:\/\/isempackaginggroup.com\/fr\/contacts\/\">Contactez-nous pour un rendez-vous<\/a>.<\/p>\n<p>[\/vc_column_text][\/vc_column][vc_column width=&#8221;1\/2&#8243;][vc_single_image image=&#8221;7537&#8243; img_size=&#8221;full&#8221; alignment=&#8221;center&#8221; onclick=&#8221;link_image&#8221; css=&#8221;&#8221;][\/vc_column][\/vc_row][vc_row css=&#8221;.vc_custom_1729766611597{margin-bottom: 35px !important;}&#8221;][vc_column][vc_column_text css=&#8221;&#8221;]<\/p>\n<p style=\"text-align: justify;\"><strong><a href=\"https:\/\/www.luxepacklosangeles.com\/\" target=\"_blank\" rel=\"noopener\">Luxe Pack Los Angeles<\/a><a href=\"https:\/\/www.luxepacklosangeles.com\/\" target=\"_blank\" rel=\"noopener\">,<\/a><\/strong>\u00a012-13 f\u00e9vrier 2025) \u2013 Avec son <strong>focus sur le march\u00e9 am\u00e9ricain<\/strong>, notamment pour le <strong>secteur de la cosm\u00e9tique et du <\/strong><strong>style de vie luxueux<\/strong>, ce salon <em>business to business<\/em> offre un aper\u00e7u des <strong>derni\u00e8res tendances<\/strong><strong> d\u2019emballage <\/strong><strong>aux \u00c9tats-Unis<\/strong> gr\u00e2ce \u00e0 plus de 100 fournisseurs et producteurs sp\u00e9cialis\u00e9s dans de produits de haute qualit\u00e9.<\/p>\n<p>[\/vc_column_text][\/vc_column][\/vc_row][vc_row css=&#8221;.vc_custom_1729766649435{margin-bottom: 35px !important;}&#8221;][vc_column][vc_column_text css=&#8221;&#8221;]<\/p>\n<p style=\"text-align: justify;\"><a href=\"https:\/\/www.luxepackshanghai.com\/\" target=\"_blank\" rel=\"noopener\"><strong>Luxe Pack Shanghai<\/strong><\/a> (9-10 avril 2025) &#8211; Focalis\u00e9e sur le <strong>march\u00e9 asiatique<\/strong>, en croissance rapide et de plus en plus attentif aux nouvaut\u00e9s du secteur, ce <strong>salon en style boutique unique en Asie<\/strong> offre aux marques de luxe de tout secteur des solutions cr\u00e9atives jamais vues, des\u00a0<strong>innovations \u00e9cologiques<\/strong>, des mat\u00e9riaux nouveaux et la possibilit\u00e9 di rencontrer les meilleurs et les plus stimulants studios de design.<\/p>\n<p>[\/vc_column_text][\/vc_column][\/vc_row][vc_row][vc_column css=&#8221;.vc_custom_1729766673264{margin-bottom: 35px !important;}&#8221;][vc_column_text css=&#8221;&#8221;]<\/p>\n<p style=\"text-align: justify;\"><strong><a href=\"https:\/\/www.luxepacknewyork.com\/\" target=\"_blank\" rel=\"noopener\">Luxe Pack New York<\/a><\/strong> (7-8 mai 2025) &#8211; La version am\u00e9ricaine de Luxe Pack offre \u00e9galement des \u00e9v\u00e9nements et des ateliers destin\u00e9s \u00e0 illustrer les tendances du march\u00e9, d\u00e9velopper des <strong>approches commerciales strat\u00e9giques<\/strong> et <strong>anticiper les demandes des consommateurs <\/strong>en \u00e9volution constante.<\/p>\n<p>[\/vc_column_text][\/vc_column][\/vc_row][vc_row css=&#8221;.vc_custom_1729766794494{margin-bottom: 35px !important;}&#8221;][vc_column width=&#8221;1\/2&#8243;][vc_column_text css=&#8221;&#8221;]<\/p>\n<p style=\"text-align: justify;\"><a href=\"https:\/\/www.packagingpremiere.it\/\" target=\"_blank\" rel=\"noopener\"><strong>Packaging Premi\u00e8re<\/strong><\/a>, Milan (13-15 mai 2025) \u2013 <strong>Le salon italien le plus exclusif,<\/strong> sp\u00e9cialis\u00e9 dans l\u2019emballage de luxe, poursuit la <strong>mission d\u2019anticiper les <\/strong>tendances et d\u2019approfondir les contenus les plus int\u00e9ressants \u00e0 travers des initiatives sp\u00e9ciales, telles que le <strong>projet<\/strong> <strong>Avant Garde<\/strong>, qui r\u00e9compense les produits ou les services qui font progresser l\u2019innovation et la durabilit\u00e9 de mani\u00e8re significative.<\/p>\n<p>[\/vc_column_text][\/vc_column][vc_column width=&#8221;1\/2&#8243;][vc_single_image image=&#8221;7540&#8243; img_size=&#8221;full&#8221; alignment=&#8221;center&#8221; onclick=&#8221;link_image&#8221; css=&#8221;&#8221;][\/vc_column][\/vc_row][vc_row css=&#8221;.vc_custom_1729766819371{margin-bottom: 35px !important;}&#8221;][vc_column width=&#8221;1\/2&#8243;][vc_column_text css=&#8221;&#8221;]<\/p>\n<p style=\"text-align: justify;\"><a href=\"https:\/\/www.editionspeciale-luxepack.com\/\" target=\"_blank\" rel=\"noopener\"><strong>\u00c9dition Sp\u00e9ciale by Luxe Pack<\/strong><\/a> (1-2 juillet 2025) &#8211; Paris accueille cet \u00e9v\u00e9nement satellite de Luxe Pack Monaco qui pose un <strong>accent particulier sur la durabilit\u00e9<\/strong>, o\u00f9 d\u00e9couvrir en particulier <strong>des<\/strong> <strong>mat\u00e9riaux et des designs innovants \u00e0 faible impact environnemental<\/strong>.<\/p>\n<p>[\/vc_column_text][\/vc_column][vc_column width=&#8221;1\/2&#8243;][vc_single_image image=&#8221;7543&#8243; img_size=&#8221;full&#8221; alignment=&#8221;center&#8221; onclick=&#8221;link_image&#8221; css=&#8221;&#8221;][\/vc_column][\/vc_row][vc_row][vc_column css=&#8221;.vc_custom_1729766846676{margin-bottom: 35px !important;}&#8221;][vc_column_text css=&#8221;&#8221;]<\/p>\n<p style=\"text-align: justify;\"><strong><a href=\"https:\/\/www.londonpackagingweek.com\/\" target=\"_blank\" rel=\"noopener\">London Packaging Week<\/a><\/strong> (15-16 octobre 2025) \u2013 La capitale du Royaume-Uni accueille l\u2019un des principaux \u00e9v\u00e9nements d\u00e9di\u00e9s aux secteurs de la beaut\u00e9, des soins personnel, des boissons haut de gamme, des produits de consommation et des emballages de luxe. Divis\u00e9e en <strong>quatre expositions distinctes<\/strong> <strong>&#8211; Packaging Premi\u00e8re, PCD, PLD et Food &amp; Consumer Pack<\/strong> \u2013 la London Packaging Week est <strong>un \u00e9v\u00e9nement tr\u00e8s complet et donc hautement sp\u00e9cialis\u00e9<\/strong>, qui offre une occasion unique d\u2019approfondir les derni\u00e8res tendances et innovations dans des domaines sp\u00e9cifiques du secteur du packaging.<\/p>\n<p>[\/vc_column_text][\/vc_column][\/vc_row][vc_row][vc_column css=&#8221;.vc_custom_1729766868726{margin-bottom: 35px !important;}&#8221;][vc_column_text css=&#8221;&#8221;]<\/p>\n<p style=\"text-align: justify;\"><strong>Europe, \u00c9tats-Unis, Asie: o\u00f9 l&#8217;innovation fleurit<\/strong><\/p>\n<p style=\"text-align: justify;\">L\u2019Europe, les \u00c9tats-Unis et l\u2019Asie sont <strong>des r\u00e9gions d\u2019influence dans le secteur de l\u2019emballage de luxe<\/strong>. Beaucoup de Pays europ\u00e9en, notamment l\u2019Italie, la France et l\u2019Allemagne, ont une longue tradition dans l\u2019artisanat et dans le design de haute qualit\u00e9 et ils sont connus pour leur capacit\u00e9 de cr\u00e9er des emballages exclusifs et \u00e9l\u00e9gants, en utilisant des mat\u00e9riaux de qualit\u00e9 et des fabrications sophistiqu\u00e9es. De plus, la <strong>pr\u00e9sence de nombreuses maisons de mode<\/strong><strong> et de luxe<\/strong> c\u00e9l\u00e8bres dans le monde entier, l\u2019attention croissante vers la <strong>durabilit\u00e9 environnementale<\/strong> et les <strong>r<\/strong><strong>\u00e9glementations en mati\u00e8re d\u2019emballage <\/strong>parmi les plus strictes au monde, stimulent l\u2019innovation et la comp\u00e9titivit\u00e9 dans le secteur.<\/p>\n<p style=\"text-align: justify;\">Des solutions et technologies viennent des <strong>\u00c9tats-Unis<\/strong> &#8211; comme la r\u00e9alit\u00e9 augment\u00e9e et les mat\u00e9riaux \u201cintelligents\u201d &#8211; qui r\u00e9pondent aux besoins des entreprises am\u00e9ricaines en mati\u00e8re d\u2019emballages de haute qualit\u00e9, qui offrent des mod\u00e8les attractifs et qui visent \u00e0 l\u2019exp\u00e9rience de\u00a0d\u00e9ballage pour <strong>cr\u00e9er une exp\u00e9rience d\u2019achat m\u00e9morable<\/strong><strong>,<\/strong> n\u00e9cessaire pour \u00e9merger sur la concurrence de l\u2019un des plus grands march\u00e9s du monde.<\/p>\n<p style=\"text-align: justify;\">L\u2019Asie exerce une influence significative sur le march\u00e9 de l\u2019emballage haut de gamme. Si d\u2019un c\u00f4t\u00e9, le <strong>Moyen-Orient<\/strong> se caract\u00e9rise par une culture qui <strong>pose l\u2019accent<\/strong> <strong>sur l\u2019esth\u00e9tique<\/strong>, sur la <strong>personnalisation <\/strong>et l\u2019exp\u00e9rience client, de l\u2019autre c\u00f4t\u00e9 la <strong>Chine<\/strong> (devenue le march\u00e9 de luxe principal au niveau mondial) se distingue par l\u2019utilisation de <strong>mat\u00e9riaux traditionnels<\/strong> tels que le papier, la soie et le bois, mais fabriqu\u00e9s avec des techniques innovantes et combin\u00e9s avec des mat\u00e9riaux modernes ou des <strong>technologies interactives<\/strong><strong>\u00a0<\/strong>pour cr\u00e9er des emballages exclusifs, attractifs et durables.<\/p>\n<p>[\/vc_column_text][\/vc_column][\/vc_row][vc_row css=&#8221;.vc_custom_1729767386717{margin-bottom: 35px !important;}&#8221;][vc_column css=&#8221;.vc_custom_1729766868726{margin-bottom: 35px !important;}&#8221;][vc_column_text css=&#8221;&#8221;]<\/p>\n<p style=\"text-align: justify;\"><strong>Un Groupe qui regarde vers le panorama international <\/strong><\/p>\n<p style=\"text-align: justify;\">Pour un Groupe de grandes dimensions comme le n\u00f4tre, les salons internationaux repr\u00e9sentent un moment strat\u00e9gique crucial pour intercepter avant tous les nouveaut\u00e9s et les meilleures propositions du secteur de l\u2019emballage de luxe, mais aussi pour consolider notre pr\u00e9sence sur le march\u00e9 mondial, ouvrant la voie \u00e0 de nouvelles opportunit\u00e9s commerciales et de d\u00e9veloppement, de nuovelles id\u00e9es, de nuovelles technologies et de nouveaux clients et partenaires.<\/p>\n<p>[\/vc_column_text][\/vc_column][\/vc_row]<\/p>\n<\/div>","protected":false},"excerpt":{"rendered":"<p>[vc_row css=&#8221;.vc_custom_1729766435574{margin-bottom: 35px !important;}&#8221;][vc_column][vc_column_text css=&#8221;&#8221;] En tant qu\u2019entreprise leader dans la production d\u2019emballages et coffrets pour le march\u00e9 du luxe, Isem Packaging Groupe est toujours engag\u00e9 dans l\u2019\u00e9tude de solutions d\u2019emballage exclusives et personnalis\u00e9es, de plus en plus actuelles, efficaces et durables pour exalter le caract\u00e8re unique des produits de nos clients internationaux. Un objectif<\/p>\n","protected":false},"author":1,"featured_media":7554,"comment_status":"closed","ping_status":"open","sticky":false,"template":"","format":"standard","meta":{"cybocfi_hide_featured_image":"","footnotes":""},"categories":[53,42],"tags":[54,55,36,75],"class_list":["post-7530","post","type-post","status-publish","format-standard","has-post-thumbnail","hentry","category-foires","category-news-fr","tag-beauty-middle-east-fr","tag-fiera-packaging-fr","tag-isem-packaging-group-fr","tag-luxepack-monaco-fr","category-53","category-42","description-off"],"yoast_head":"<!-- This site is optimized with the Yoast SEO plugin v27.4 - https:\/\/yoast.com\/product\/yoast-seo-wordpress\/ -->\n<title>ISEM dans le monde: en explorant certains parmi les plus prestigieux salons mondiaux de l\u2019emballage de luxe - Isem Packaging Group<\/title>\n<meta name=\"robots\" content=\"index, follow, max-snippet:-1, max-image-preview:large, max-video-preview:-1\" \/>\n<link rel=\"canonical\" href=\"https:\/\/isempackaginggroup.com\/fr\/isem-dans-le-monde-en-explorant-certains-parmi-les-plus-prestigieux-salons-mondiaux-de-lemballage-de-luxe\/\" \/>\n<meta property=\"og:locale\" content=\"fr_FR\" \/>\n<meta property=\"og:type\" content=\"article\" \/>\n<meta property=\"og:title\" content=\"ISEM dans le monde: en explorant certains parmi les plus prestigieux salons mondiaux de l\u2019emballage de luxe - Isem Packaging Group\" \/>\n<meta property=\"og:description\" content=\"[vc_row css=&#8221;.vc_custom_1729766435574{margin-bottom: 35px !important;}&#8221;][vc_column][vc_column_text css=&#8221;&#8221;] En tant qu\u2019entreprise leader dans la production d\u2019emballages et coffrets pour le march\u00e9 du luxe, Isem Packaging Groupe est toujours engag\u00e9 dans l\u2019\u00e9tude de solutions d\u2019emballage exclusives et personnalis\u00e9es, de plus en plus actuelles, efficaces et durables pour exalter le caract\u00e8re unique des produits de nos clients internationaux. Un objectif\" \/>\n<meta property=\"og:url\" content=\"https:\/\/isempackaginggroup.com\/fr\/isem-dans-le-monde-en-explorant-certains-parmi-les-plus-prestigieux-salons-mondiaux-de-lemballage-de-luxe\/\" \/>\n<meta property=\"og:site_name\" content=\"Isem Packaging Group\" \/>\n<meta property=\"article:published_time\" content=\"2024-10-24T10:36:27+00:00\" \/>\n<meta property=\"article:modified_time\" content=\"2024-10-25T15:22:07+00:00\" \/>\n<meta property=\"og:image\" content=\"https:\/\/isempackaginggroup.com\/luxury-packaging\/wp-content\/uploads\/2024\/10\/Post-ISEM-Calendario-Fiere-del-packaging-di-lusso-nel-mondo-4_3.jpg\" \/>\n\t<meta property=\"og:image:width\" content=\"2000\" \/>\n\t<meta property=\"og:image:height\" content=\"1500\" \/>\n\t<meta property=\"og:image:type\" content=\"image\/jpeg\" \/>\n<meta name=\"author\" content=\"adminipg\" \/>\n<meta name=\"twitter:card\" content=\"summary_large_image\" \/>\n<meta name=\"twitter:label1\" content=\"Written by\" \/>\n\t<meta name=\"twitter:data1\" content=\"adminipg\" \/>\n\t<meta name=\"twitter:label2\" content=\"Est. reading time\" \/>\n\t<meta name=\"twitter:data2\" content=\"7 minutes\" \/>\n<script type=\"application\/ld+json\" class=\"yoast-schema-graph\">{\"@context\":\"https:\\\/\\\/schema.org\",\"@graph\":[{\"@type\":\"Article\",\"@id\":\"https:\\\/\\\/isempackaginggroup.com\\\/fr\\\/isem-dans-le-monde-en-explorant-certains-parmi-les-plus-prestigieux-salons-mondiaux-de-lemballage-de-luxe\\\/#article\",\"isPartOf\":{\"@id\":\"https:\\\/\\\/isempackaginggroup.com\\\/fr\\\/isem-dans-le-monde-en-explorant-certains-parmi-les-plus-prestigieux-salons-mondiaux-de-lemballage-de-luxe\\\/\"},\"author\":{\"name\":\"adminipg\",\"@id\":\"https:\\\/\\\/isempackaginggroup.com\\\/fr\\\/#\\\/schema\\\/person\\\/5901e81f7d6061a5b60113eb714a9e62\"},\"headline\":\"ISEM dans le monde: en explorant certains parmi les plus prestigieux salons mondiaux de l\u2019emballage de luxe\",\"datePublished\":\"2024-10-24T10:36:27+00:00\",\"dateModified\":\"2024-10-25T15:22:07+00:00\",\"mainEntityOfPage\":{\"@id\":\"https:\\\/\\\/isempackaginggroup.com\\\/fr\\\/isem-dans-le-monde-en-explorant-certains-parmi-les-plus-prestigieux-salons-mondiaux-de-lemballage-de-luxe\\\/\"},\"wordCount\":1584,\"publisher\":{\"@id\":\"https:\\\/\\\/isempackaginggroup.com\\\/fr\\\/#organization\"},\"image\":{\"@id\":\"https:\\\/\\\/isempackaginggroup.com\\\/fr\\\/isem-dans-le-monde-en-explorant-certains-parmi-les-plus-prestigieux-salons-mondiaux-de-lemballage-de-luxe\\\/#primaryimage\"},\"thumbnailUrl\":\"https:\\\/\\\/isempackaginggroup.com\\\/luxury-packaging\\\/wp-content\\\/uploads\\\/2024\\\/10\\\/Post-ISEM-Calendario-Fiere-del-packaging-di-lusso-nel-mondo-4_3.jpg\",\"keywords\":[\"Beauty Middle East\",\"Fiera Packaging\",\"Isem Packaging Group\",\"Luxepack Monaco\"],\"articleSection\":[\"Foires\",\"News\"],\"inLanguage\":\"fr-FR\"},{\"@type\":\"WebPage\",\"@id\":\"https:\\\/\\\/isempackaginggroup.com\\\/fr\\\/isem-dans-le-monde-en-explorant-certains-parmi-les-plus-prestigieux-salons-mondiaux-de-lemballage-de-luxe\\\/\",\"url\":\"https:\\\/\\\/isempackaginggroup.com\\\/fr\\\/isem-dans-le-monde-en-explorant-certains-parmi-les-plus-prestigieux-salons-mondiaux-de-lemballage-de-luxe\\\/\",\"name\":\"ISEM dans le monde: en explorant certains parmi les plus prestigieux salons mondiaux de l\u2019emballage de luxe - Isem Packaging Group\",\"isPartOf\":{\"@id\":\"https:\\\/\\\/isempackaginggroup.com\\\/fr\\\/#website\"},\"primaryImageOfPage\":{\"@id\":\"https:\\\/\\\/isempackaginggroup.com\\\/fr\\\/isem-dans-le-monde-en-explorant-certains-parmi-les-plus-prestigieux-salons-mondiaux-de-lemballage-de-luxe\\\/#primaryimage\"},\"image\":{\"@id\":\"https:\\\/\\\/isempackaginggroup.com\\\/fr\\\/isem-dans-le-monde-en-explorant-certains-parmi-les-plus-prestigieux-salons-mondiaux-de-lemballage-de-luxe\\\/#primaryimage\"},\"thumbnailUrl\":\"https:\\\/\\\/isempackaginggroup.com\\\/luxury-packaging\\\/wp-content\\\/uploads\\\/2024\\\/10\\\/Post-ISEM-Calendario-Fiere-del-packaging-di-lusso-nel-mondo-4_3.jpg\",\"datePublished\":\"2024-10-24T10:36:27+00:00\",\"dateModified\":\"2024-10-25T15:22:07+00:00\",\"breadcrumb\":{\"@id\":\"https:\\\/\\\/isempackaginggroup.com\\\/fr\\\/isem-dans-le-monde-en-explorant-certains-parmi-les-plus-prestigieux-salons-mondiaux-de-lemballage-de-luxe\\\/#breadcrumb\"},\"inLanguage\":\"fr-FR\",\"potentialAction\":[{\"@type\":\"ReadAction\",\"target\":[\"https:\\\/\\\/isempackaginggroup.com\\\/fr\\\/isem-dans-le-monde-en-explorant-certains-parmi-les-plus-prestigieux-salons-mondiaux-de-lemballage-de-luxe\\\/\"]}]},{\"@type\":\"ImageObject\",\"inLanguage\":\"fr-FR\",\"@id\":\"https:\\\/\\\/isempackaginggroup.com\\\/fr\\\/isem-dans-le-monde-en-explorant-certains-parmi-les-plus-prestigieux-salons-mondiaux-de-lemballage-de-luxe\\\/#primaryimage\",\"url\":\"https:\\\/\\\/isempackaginggroup.com\\\/luxury-packaging\\\/wp-content\\\/uploads\\\/2024\\\/10\\\/Post-ISEM-Calendario-Fiere-del-packaging-di-lusso-nel-mondo-4_3.jpg\",\"contentUrl\":\"https:\\\/\\\/isempackaginggroup.com\\\/luxury-packaging\\\/wp-content\\\/uploads\\\/2024\\\/10\\\/Post-ISEM-Calendario-Fiere-del-packaging-di-lusso-nel-mondo-4_3.jpg\",\"width\":2000,\"height\":1500},{\"@type\":\"BreadcrumbList\",\"@id\":\"https:\\\/\\\/isempackaginggroup.com\\\/fr\\\/isem-dans-le-monde-en-explorant-certains-parmi-les-plus-prestigieux-salons-mondiaux-de-lemballage-de-luxe\\\/#breadcrumb\",\"itemListElement\":[{\"@type\":\"ListItem\",\"position\":1,\"name\":\"Home\",\"item\":\"https:\\\/\\\/isempackaginggroup.com\\\/fr\\\/\"},{\"@type\":\"ListItem\",\"position\":2,\"name\":\"ISEM dans le monde: en explorant certains parmi les plus prestigieux salons mondiaux de l\u2019emballage de luxe\"}]},{\"@type\":\"WebSite\",\"@id\":\"https:\\\/\\\/isempackaginggroup.com\\\/fr\\\/#website\",\"url\":\"https:\\\/\\\/isempackaginggroup.com\\\/fr\\\/\",\"name\":\"Isem Packaging Group\",\"description\":\"\",\"publisher\":{\"@id\":\"https:\\\/\\\/isempackaginggroup.com\\\/fr\\\/#organization\"},\"potentialAction\":[{\"@type\":\"SearchAction\",\"target\":{\"@type\":\"EntryPoint\",\"urlTemplate\":\"https:\\\/\\\/isempackaginggroup.com\\\/fr\\\/?s={search_term_string}\"},\"query-input\":{\"@type\":\"PropertyValueSpecification\",\"valueRequired\":true,\"valueName\":\"search_term_string\"}}],\"inLanguage\":\"fr-FR\"},{\"@type\":\"Organization\",\"@id\":\"https:\\\/\\\/isempackaginggroup.com\\\/fr\\\/#organization\",\"name\":\"Isem Packaging Group\",\"url\":\"https:\\\/\\\/isempackaginggroup.com\\\/fr\\\/\",\"logo\":{\"@type\":\"ImageObject\",\"inLanguage\":\"fr-FR\",\"@id\":\"https:\\\/\\\/isempackaginggroup.com\\\/fr\\\/#\\\/schema\\\/logo\\\/image\\\/\",\"url\":\"https:\\\/\\\/isempackaginggroup.com\\\/luxury-packaging\\\/wp-content\\\/uploads\\\/2024\\\/01\\\/logo-ISEM-2023.jpg\",\"contentUrl\":\"https:\\\/\\\/isempackaginggroup.com\\\/luxury-packaging\\\/wp-content\\\/uploads\\\/2024\\\/01\\\/logo-ISEM-2023.jpg\",\"width\":2560,\"height\":1812,\"caption\":\"Isem Packaging Group\"},\"image\":{\"@id\":\"https:\\\/\\\/isempackaginggroup.com\\\/fr\\\/#\\\/schema\\\/logo\\\/image\\\/\"},\"sameAs\":[\"https:\\\/\\\/www.linkedin.com\\\/company\\\/isemgroup\\\/\"]},{\"@type\":\"Person\",\"@id\":\"https:\\\/\\\/isempackaginggroup.com\\\/fr\\\/#\\\/schema\\\/person\\\/5901e81f7d6061a5b60113eb714a9e62\",\"name\":\"adminipg\",\"image\":{\"@type\":\"ImageObject\",\"inLanguage\":\"fr-FR\",\"@id\":\"https:\\\/\\\/secure.gravatar.com\\\/avatar\\\/846163bbf3be7161946ac75b3f81e1f0794292256dfced346630a607d92f5c1e?s=96&d=mm&r=g\",\"url\":\"https:\\\/\\\/secure.gravatar.com\\\/avatar\\\/846163bbf3be7161946ac75b3f81e1f0794292256dfced346630a607d92f5c1e?s=96&d=mm&r=g\",\"contentUrl\":\"https:\\\/\\\/secure.gravatar.com\\\/avatar\\\/846163bbf3be7161946ac75b3f81e1f0794292256dfced346630a607d92f5c1e?s=96&d=mm&r=g\",\"caption\":\"adminipg\"},\"sameAs\":[\"https:\\\/\\\/isempackaginggroup.com\\\/luxury-packaging\"],\"url\":\"https:\\\/\\\/isempackaginggroup.com\\\/fr\\\/author\\\/adminipg\\\/\"}]}<\/script>\n<!-- \/ Yoast SEO plugin. -->","yoast_head_json":{"title":"ISEM dans le monde: en explorant certains parmi les plus prestigieux salons mondiaux de l\u2019emballage de luxe - Isem Packaging Group","robots":{"index":"index","follow":"follow","max-snippet":"max-snippet:-1","max-image-preview":"max-image-preview:large","max-video-preview":"max-video-preview:-1"},"canonical":"https:\/\/isempackaginggroup.com\/fr\/isem-dans-le-monde-en-explorant-certains-parmi-les-plus-prestigieux-salons-mondiaux-de-lemballage-de-luxe\/","og_locale":"fr_FR","og_type":"article","og_title":"ISEM dans le monde: en explorant certains parmi les plus prestigieux salons mondiaux de l\u2019emballage de luxe - Isem Packaging Group","og_description":"[vc_row css=&#8221;.vc_custom_1729766435574{margin-bottom: 35px !important;}&#8221;][vc_column][vc_column_text css=&#8221;&#8221;] En tant qu\u2019entreprise leader dans la production d\u2019emballages et coffrets pour le march\u00e9 du luxe, Isem Packaging Groupe est toujours engag\u00e9 dans l\u2019\u00e9tude de solutions d\u2019emballage exclusives et personnalis\u00e9es, de plus en plus actuelles, efficaces et durables pour exalter le caract\u00e8re unique des produits de nos clients internationaux. Un objectif","og_url":"https:\/\/isempackaginggroup.com\/fr\/isem-dans-le-monde-en-explorant-certains-parmi-les-plus-prestigieux-salons-mondiaux-de-lemballage-de-luxe\/","og_site_name":"Isem Packaging Group","article_published_time":"2024-10-24T10:36:27+00:00","article_modified_time":"2024-10-25T15:22:07+00:00","og_image":[{"width":2000,"height":1500,"url":"https:\/\/isempackaginggroup.com\/luxury-packaging\/wp-content\/uploads\/2024\/10\/Post-ISEM-Calendario-Fiere-del-packaging-di-lusso-nel-mondo-4_3.jpg","type":"image\/jpeg"}],"author":"adminipg","twitter_card":"summary_large_image","twitter_misc":{"Written by":"adminipg","Est. reading time":"7 minutes"},"schema":{"@context":"https:\/\/schema.org","@graph":[{"@type":"Article","@id":"https:\/\/isempackaginggroup.com\/fr\/isem-dans-le-monde-en-explorant-certains-parmi-les-plus-prestigieux-salons-mondiaux-de-lemballage-de-luxe\/#article","isPartOf":{"@id":"https:\/\/isempackaginggroup.com\/fr\/isem-dans-le-monde-en-explorant-certains-parmi-les-plus-prestigieux-salons-mondiaux-de-lemballage-de-luxe\/"},"author":{"name":"adminipg","@id":"https:\/\/isempackaginggroup.com\/fr\/#\/schema\/person\/5901e81f7d6061a5b60113eb714a9e62"},"headline":"ISEM dans le monde: en explorant certains parmi les plus prestigieux salons mondiaux de l\u2019emballage de luxe","datePublished":"2024-10-24T10:36:27+00:00","dateModified":"2024-10-25T15:22:07+00:00","mainEntityOfPage":{"@id":"https:\/\/isempackaginggroup.com\/fr\/isem-dans-le-monde-en-explorant-certains-parmi-les-plus-prestigieux-salons-mondiaux-de-lemballage-de-luxe\/"},"wordCount":1584,"publisher":{"@id":"https:\/\/isempackaginggroup.com\/fr\/#organization"},"image":{"@id":"https:\/\/isempackaginggroup.com\/fr\/isem-dans-le-monde-en-explorant-certains-parmi-les-plus-prestigieux-salons-mondiaux-de-lemballage-de-luxe\/#primaryimage"},"thumbnailUrl":"https:\/\/isempackaginggroup.com\/luxury-packaging\/wp-content\/uploads\/2024\/10\/Post-ISEM-Calendario-Fiere-del-packaging-di-lusso-nel-mondo-4_3.jpg","keywords":["Beauty Middle East","Fiera Packaging","Isem Packaging Group","Luxepack Monaco"],"articleSection":["Foires","News"],"inLanguage":"fr-FR"},{"@type":"WebPage","@id":"https:\/\/isempackaginggroup.com\/fr\/isem-dans-le-monde-en-explorant-certains-parmi-les-plus-prestigieux-salons-mondiaux-de-lemballage-de-luxe\/","url":"https:\/\/isempackaginggroup.com\/fr\/isem-dans-le-monde-en-explorant-certains-parmi-les-plus-prestigieux-salons-mondiaux-de-lemballage-de-luxe\/","name":"ISEM dans le monde: en explorant certains parmi les plus prestigieux salons mondiaux de l\u2019emballage de luxe - Isem Packaging Group","isPartOf":{"@id":"https:\/\/isempackaginggroup.com\/fr\/#website"},"primaryImageOfPage":{"@id":"https:\/\/isempackaginggroup.com\/fr\/isem-dans-le-monde-en-explorant-certains-parmi-les-plus-prestigieux-salons-mondiaux-de-lemballage-de-luxe\/#primaryimage"},"image":{"@id":"https:\/\/isempackaginggroup.com\/fr\/isem-dans-le-monde-en-explorant-certains-parmi-les-plus-prestigieux-salons-mondiaux-de-lemballage-de-luxe\/#primaryimage"},"thumbnailUrl":"https:\/\/isempackaginggroup.com\/luxury-packaging\/wp-content\/uploads\/2024\/10\/Post-ISEM-Calendario-Fiere-del-packaging-di-lusso-nel-mondo-4_3.jpg","datePublished":"2024-10-24T10:36:27+00:00","dateModified":"2024-10-25T15:22:07+00:00","breadcrumb":{"@id":"https:\/\/isempackaginggroup.com\/fr\/isem-dans-le-monde-en-explorant-certains-parmi-les-plus-prestigieux-salons-mondiaux-de-lemballage-de-luxe\/#breadcrumb"},"inLanguage":"fr-FR","potentialAction":[{"@type":"ReadAction","target":["https:\/\/isempackaginggroup.com\/fr\/isem-dans-le-monde-en-explorant-certains-parmi-les-plus-prestigieux-salons-mondiaux-de-lemballage-de-luxe\/"]}]},{"@type":"ImageObject","inLanguage":"fr-FR","@id":"https:\/\/isempackaginggroup.com\/fr\/isem-dans-le-monde-en-explorant-certains-parmi-les-plus-prestigieux-salons-mondiaux-de-lemballage-de-luxe\/#primaryimage","url":"https:\/\/isempackaginggroup.com\/luxury-packaging\/wp-content\/uploads\/2024\/10\/Post-ISEM-Calendario-Fiere-del-packaging-di-lusso-nel-mondo-4_3.jpg","contentUrl":"https:\/\/isempackaginggroup.com\/luxury-packaging\/wp-content\/uploads\/2024\/10\/Post-ISEM-Calendario-Fiere-del-packaging-di-lusso-nel-mondo-4_3.jpg","width":2000,"height":1500},{"@type":"BreadcrumbList","@id":"https:\/\/isempackaginggroup.com\/fr\/isem-dans-le-monde-en-explorant-certains-parmi-les-plus-prestigieux-salons-mondiaux-de-lemballage-de-luxe\/#breadcrumb","itemListElement":[{"@type":"ListItem","position":1,"name":"Home","item":"https:\/\/isempackaginggroup.com\/fr\/"},{"@type":"ListItem","position":2,"name":"ISEM dans le monde: en explorant certains parmi les plus prestigieux salons mondiaux de l\u2019emballage de luxe"}]},{"@type":"WebSite","@id":"https:\/\/isempackaginggroup.com\/fr\/#website","url":"https:\/\/isempackaginggroup.com\/fr\/","name":"Isem Packaging Group","description":"","publisher":{"@id":"https:\/\/isempackaginggroup.com\/fr\/#organization"},"potentialAction":[{"@type":"SearchAction","target":{"@type":"EntryPoint","urlTemplate":"https:\/\/isempackaginggroup.com\/fr\/?s={search_term_string}"},"query-input":{"@type":"PropertyValueSpecification","valueRequired":true,"valueName":"search_term_string"}}],"inLanguage":"fr-FR"},{"@type":"Organization","@id":"https:\/\/isempackaginggroup.com\/fr\/#organization","name":"Isem Packaging Group","url":"https:\/\/isempackaginggroup.com\/fr\/","logo":{"@type":"ImageObject","inLanguage":"fr-FR","@id":"https:\/\/isempackaginggroup.com\/fr\/#\/schema\/logo\/image\/","url":"https:\/\/isempackaginggroup.com\/luxury-packaging\/wp-content\/uploads\/2024\/01\/logo-ISEM-2023.jpg","contentUrl":"https:\/\/isempackaginggroup.com\/luxury-packaging\/wp-content\/uploads\/2024\/01\/logo-ISEM-2023.jpg","width":2560,"height":1812,"caption":"Isem Packaging Group"},"image":{"@id":"https:\/\/isempackaginggroup.com\/fr\/#\/schema\/logo\/image\/"},"sameAs":["https:\/\/www.linkedin.com\/company\/isemgroup\/"]},{"@type":"Person","@id":"https:\/\/isempackaginggroup.com\/fr\/#\/schema\/person\/5901e81f7d6061a5b60113eb714a9e62","name":"adminipg","image":{"@type":"ImageObject","inLanguage":"fr-FR","@id":"https:\/\/secure.gravatar.com\/avatar\/846163bbf3be7161946ac75b3f81e1f0794292256dfced346630a607d92f5c1e?s=96&d=mm&r=g","url":"https:\/\/secure.gravatar.com\/avatar\/846163bbf3be7161946ac75b3f81e1f0794292256dfced346630a607d92f5c1e?s=96&d=mm&r=g","contentUrl":"https:\/\/secure.gravatar.com\/avatar\/846163bbf3be7161946ac75b3f81e1f0794292256dfced346630a607d92f5c1e?s=96&d=mm&r=g","caption":"adminipg"},"sameAs":["https:\/\/isempackaginggroup.com\/luxury-packaging"],"url":"https:\/\/isempackaginggroup.com\/fr\/author\/adminipg\/"}]}},"_links":{"self":[{"href":"https:\/\/isempackaginggroup.com\/fr\/wp-json\/wp\/v2\/posts\/7530","targetHints":{"allow":["GET"]}}],"collection":[{"href":"https:\/\/isempackaginggroup.com\/fr\/wp-json\/wp\/v2\/posts"}],"about":[{"href":"https:\/\/isempackaginggroup.com\/fr\/wp-json\/wp\/v2\/types\/post"}],"author":[{"embeddable":true,"href":"https:\/\/isempackaginggroup.com\/fr\/wp-json\/wp\/v2\/users\/1"}],"replies":[{"embeddable":true,"href":"https:\/\/isempackaginggroup.com\/fr\/wp-json\/wp\/v2\/comments?post=7530"}],"version-history":[{"count":6,"href":"https:\/\/isempackaginggroup.com\/fr\/wp-json\/wp\/v2\/posts\/7530\/revisions"}],"predecessor-version":[{"id":7589,"href":"https:\/\/isempackaginggroup.com\/fr\/wp-json\/wp\/v2\/posts\/7530\/revisions\/7589"}],"wp:featuredmedia":[{"embeddable":true,"href":"https:\/\/isempackaginggroup.com\/fr\/wp-json\/wp\/v2\/media\/7554"}],"wp:attachment":[{"href":"https:\/\/isempackaginggroup.com\/fr\/wp-json\/wp\/v2\/media?parent=7530"}],"wp:term":[{"taxonomy":"category","embeddable":true,"href":"https:\/\/isempackaginggroup.com\/fr\/wp-json\/wp\/v2\/categories?post=7530"},{"taxonomy":"post_tag","embeddable":true,"href":"https:\/\/isempackaginggroup.com\/fr\/wp-json\/wp\/v2\/tags?post=7530"}],"curies":[{"name":"wp","href":"https:\/\/api.w.org\/{rel}","templated":true}]}}