{"id":12645,"date":"2026-03-04T17:10:29","date_gmt":"2026-03-04T16:10:29","guid":{"rendered":"https:\/\/isempackaginggroup.com\/?p=12645"},"modified":"2026-03-06T17:17:29","modified_gmt":"2026-03-06T16:17:29","slug":"2pointzero-group-finalise-lacquisition-majoritaire-du-groupe-italien-isem-packaging-group","status":"publish","type":"post","link":"https:\/\/isempackaginggroup.com\/fr\/2pointzero-group-finalise-lacquisition-majoritaire-du-groupe-italien-isem-packaging-group\/","title":{"rendered":"2PointZero Group finalise l\u2019acquisition majoritaire du groupe italien ISEM Packaging Group"},"content":{"rendered":"<div class=\"wpb-content-wrapper\"><p>[vc_row][vc_column][vc_column_text css=&#8221;&#8221;]<\/p>\n<h2><strong>2PointZero Group finalise l\u2019acquisition majoritaire du groupe italien ISEM Packaging Group pour 704 millions AED <em>(\u2248 164,7 millions EUR)<\/em><\/strong><\/h2>\n<p>&nbsp;<\/p>\n<p><strong>Abu Dhabi, \u00c9mirats arabes unis ; 4 mars 2026<\/strong> \u2013 2PointZero Group PJSC (ADX : 2PointZero), un groupe d\u2019investissement de nouvelle g\u00e9n\u00e9ration sp\u00e9cialis\u00e9 dans les secteurs de l\u2019\u00e9nergie et de la consommation, annonce aujourd\u2019hui avoir officiellement finalis\u00e9 la transaction visant \u00e0 acqu\u00e9rir une participation majoritaire dans ISEM, un important groupe europ\u00e9en de packaging op\u00e9rant dans les secteurs de la beaut\u00e9, de la mode, du luxe, des nutraceutiques et plus encore, pour un montant de 704 millions AED (<em>soit environ 164,7 millions d\u2019euros au taux EUR\/AED du 4 mars 2026<\/em>), combinant capital secondaire et primaire destin\u00e9 \u00e0 acc\u00e9l\u00e9rer la croissance organique et inorganique.<\/p>\n<p>2PointZero Group d\u00e9tient d\u00e9sormais 60,8 % d\u2019ISEM, tandis que Peninsula Capital et les investisseurs minoritaires d\u00e9tiennent les 39,2 % restants. Il s\u2019agit du d\u00e9but d\u2019un partenariat strat\u00e9gique entre 2PointZero et Peninsula. Ensemble, les partenaires renforceront le leadership d\u2019ISEM en se concentrant sur l\u2019expansion par cat\u00e9gories et zones g\u00e9ographiques, l\u2019int\u00e9gration de l\u2019IA et des technologies digitales dans l\u2019ensemble de l\u2019entreprise \u2014 de la production aux op\u00e9rations clients \u2014 et en soutenant une strat\u00e9gie de M&amp;A cibl\u00e9e pour \u00e9tendre l\u2019empreinte industrielle et les capacit\u00e9s produits d\u2019ISEM.<\/p>\n<p><strong>Samia Bouazza, CEO de 2PointZero Group<\/strong>, a d\u00e9clar\u00e9 :<br \/>\n<em>\u00ab La finalisation de cette transaction marque une \u00e9tape importante dans la r\u00e9alisation de nos ambitions de croissance mondiale et l\u2019\u00e9tablissement d\u2019une plateforme scalable dans l\u2019industrie du packaging. Le packaging deviendra notre sixi\u00e8me p\u00f4le de consommation. Lors de notre visite des installations d\u2019ISEM, j\u2019ai \u00e9t\u00e9 particuli\u00e8rement impressionn\u00e9e par le niveau d\u2019automatisation, l\u2019assemblage robotis\u00e9 avanc\u00e9 et les infrastructures de pointe, qui favorisent l\u2019efficacit\u00e9 op\u00e9rationnelle, la constance et la solidit\u00e9 des marges. \u00bb<\/em><\/p>\n<p>Bouazza a ajout\u00e9 :<br \/>\n<em>\u00ab Nous entrons dans le secteur du packaging car celui\u2011ci continue d\u2019afficher une croissance soutenue (CAGR \u00e9lev\u00e9e) dans de nombreux sous\u2011segments tels que l\u2019alimentation, la pharmacie et le luxe. Forts de notre exp\u00e9rience dans la strat\u00e9gie M&amp;A, le d\u00e9ploiement de l\u2019IA et l\u2019int\u00e9gration op\u00e9rationnelle, nous sommes id\u00e9alement positionn\u00e9s pour accompagner ISEM dans l\u2019acc\u00e9l\u00e9ration de son expansion internationale, tout en \u00e9largissant sa pr\u00e9sence dans le packaging primaire comme secondaire et en g\u00e9n\u00e9rant une valeur durable pour nos actionnaires. \u00bb<\/em><\/p>\n<p>La finalisation de cette transaction marque clairement l\u2019entr\u00e9e de 2PointZero Group dans le secteur du packaging, \u00e9tablissant son sixi\u00e8me p\u00f4le strat\u00e9gique orient\u00e9 consommateurs, venant compl\u00e9ter ses activit\u00e9s existantes dans la beaut\u00e9 et l\u2019habillement. Bas\u00e9 en Italie, ISEM Group \u2014 fond\u00e9 en 1949 et dont le si\u00e8ge est \u00e0 Bologne \u2014 est un leader hautement automatis\u00e9 qui renforce le savoir\u2011faire et la qualit\u00e9 du \u00ab Made in Italy \u00bb. ISEM est reconnu au niveau international pour sa qualit\u00e9, son innovation et ses relations avec des clients luxe majeurs, dont LVMH, Kiko, Gucci, L\u2019Or\u00e9al, Puig ou encore Coty Lancaster. Ses produits incluent des bo\u00eetes rigides, \u00e9tuis pliants, papiers de soie et dustbags, et son empreinte industrielle compte 11 usines totalisant plus de 100 000 m\u00b2.<\/p>\n<p><strong>Borja Prado, Founding Partner de Peninsula Capital<\/strong>, a comment\u00e9 :<br \/>\n<em>\u00ab La finalisation de cette transaction marque le d\u00e9but d\u2019une nouvelle phase passionnante pour ISEM. Le groupe s\u2019est impos\u00e9 comme le partenaire packaging de r\u00e9f\u00e9rence pour les clients luxe les plus exigeants au monde. Cet investissement apportera \u00e0 ISEM le capital, la port\u00e9e internationale et le soutien strat\u00e9gique n\u00e9cessaires pour acc\u00e9l\u00e9rer davantage son expansion. Le partenariat avec 2PointZero apporte des capacit\u00e9s compl\u00e9mentaires qui, selon nous, seront transformatrices \u2014 non seulement pour ISEM, mais aussi pour les clients qu\u2019il accompagne. Nous sommes impatients de construire ensemble le prochain chapitre. \u00bb<\/em><\/p>\n<p><strong>Francesco Pintucci, Pr\u00e9sident d\u2019ISEM Packaging Group<\/strong>, a d\u00e9clar\u00e9 :<br \/>\n<em>\u00ab Aujourd\u2019hui marque le d\u00e9but d\u2019un nouveau chapitre pour le Groupe. Nous pouvons d\u00e9sormais offrir \u00e0 nos clients une plus grande \u00e9chelle sans perdre la pr\u00e9cision et l\u2019engagement personnel qui d\u00e9finissent ISEM. Les \u00e9quipes du Groupe, leur savoir\u2011faire artisanal et nos relations solides avec les maisons de luxe les plus prestigieuses restent au c\u0153ur de tout ce que nous faisons. Avec 2PointZero et Peninsula, ISEM dispose d\u00e9sormais de la plateforme pour porter cette offre \u00e0 une dimension mondiale. Je suis fier de ce que nous avons construit en si peu de temps et je remercie les entrepreneurs \u2014 mes amis et partenaires de cette incroyable aventure \u2014 ainsi que toutes nos \u00e9quipes, nos parties prenantes, clients et fournisseurs pour leur soutien pr\u00e9cieux. \u00bb<\/em>[\/vc_column_text][\/vc_column][\/vc_row]<\/p>\n<\/div>","protected":false},"excerpt":{"rendered":"<p>[vc_row][vc_column][vc_column_text css=&#8221;&#8221;] 2PointZero Group finalise l\u2019acquisition majoritaire du groupe italien ISEM Packaging Group pour 704 millions AED (\u2248 164,7 millions EUR) &nbsp; Abu Dhabi, \u00c9mirats arabes unis ; 4 mars 2026 \u2013 2PointZero Group PJSC (ADX : 2PointZero), un groupe d\u2019investissement de nouvelle g\u00e9n\u00e9ration sp\u00e9cialis\u00e9 dans les secteurs de l\u2019\u00e9nergie et de la consommation, annonce<\/p>\n","protected":false},"author":1,"featured_media":12648,"comment_status":"closed","ping_status":"open","sticky":false,"template":"","format":"standard","meta":{"cybocfi_hide_featured_image":"","footnotes":""},"categories":[42],"tags":[136],"class_list":["post-12645","post","type-post","status-publish","format-standard","has-post-thumbnail","hentry","category-news-fr","tag-press-release","category-42","description-off"],"yoast_head":"<!-- This site is optimized with the Yoast SEO plugin v27.4 - https:\/\/yoast.com\/product\/yoast-seo-wordpress\/ -->\n<title>2PointZero Group completa l\u2019acquisizione maggioritaria di ISEM Packaging Group<\/title>\n<meta name=\"description\" content=\"2PointZero Group completa l\u2019acquisizione maggioritaria del gruppo italiano ISEM Packaging Group per 704 milioni di AED (\u2248 164,7 milioni EUR)\" \/>\n<meta name=\"robots\" content=\"index, follow, max-snippet:-1, max-image-preview:large, max-video-preview:-1\" \/>\n<link rel=\"canonical\" href=\"https:\/\/isempackaginggroup.com\/fr\/2pointzero-group-finalise-lacquisition-majoritaire-du-groupe-italien-isem-packaging-group\/\" \/>\n<meta property=\"og:locale\" content=\"fr_FR\" \/>\n<meta property=\"og:type\" content=\"article\" \/>\n<meta property=\"og:title\" content=\"2PointZero Group completa l\u2019acquisizione maggioritaria di ISEM Packaging Group\" \/>\n<meta property=\"og:description\" content=\"2PointZero Group completa l\u2019acquisizione maggioritaria del gruppo italiano ISEM Packaging Group per 704 milioni di AED (\u2248 164,7 milioni EUR)\" \/>\n<meta property=\"og:url\" content=\"https:\/\/isempackaginggroup.com\/fr\/2pointzero-group-finalise-lacquisition-majoritaire-du-groupe-italien-isem-packaging-group\/\" \/>\n<meta property=\"og:site_name\" content=\"Isem Packaging Group\" \/>\n<meta property=\"article:published_time\" content=\"2026-03-04T16:10:29+00:00\" \/>\n<meta property=\"article:modified_time\" content=\"2026-03-06T16:17:29+00:00\" \/>\n<meta property=\"og:image\" content=\"https:\/\/isempackaginggroup.com\/luxury-packaging\/wp-content\/uploads\/2026\/03\/1772716210991.jpeg\" \/>\n\t<meta property=\"og:image:width\" content=\"1078\" \/>\n\t<meta property=\"og:image:height\" content=\"719\" \/>\n\t<meta property=\"og:image:type\" content=\"image\/jpeg\" \/>\n<meta name=\"author\" content=\"adminipg\" \/>\n<meta name=\"twitter:card\" content=\"summary_large_image\" \/>\n<meta name=\"twitter:label1\" content=\"Written by\" \/>\n\t<meta name=\"twitter:data1\" content=\"adminipg\" \/>\n\t<meta name=\"twitter:label2\" content=\"Est. reading time\" \/>\n\t<meta name=\"twitter:data2\" content=\"4 minutes\" \/>\n<script type=\"application\/ld+json\" class=\"yoast-schema-graph\">{\"@context\":\"https:\\\/\\\/schema.org\",\"@graph\":[{\"@type\":\"Article\",\"@id\":\"https:\\\/\\\/isempackaginggroup.com\\\/fr\\\/2pointzero-group-finalise-lacquisition-majoritaire-du-groupe-italien-isem-packaging-group\\\/#article\",\"isPartOf\":{\"@id\":\"https:\\\/\\\/isempackaginggroup.com\\\/fr\\\/2pointzero-group-finalise-lacquisition-majoritaire-du-groupe-italien-isem-packaging-group\\\/\"},\"author\":{\"name\":\"adminipg\",\"@id\":\"https:\\\/\\\/isempackaginggroup.com\\\/fr\\\/#\\\/schema\\\/person\\\/5901e81f7d6061a5b60113eb714a9e62\"},\"headline\":\"2PointZero Group finalise l\u2019acquisition majoritaire du groupe italien ISEM Packaging Group\",\"datePublished\":\"2026-03-04T16:10:29+00:00\",\"dateModified\":\"2026-03-06T16:17:29+00:00\",\"mainEntityOfPage\":{\"@id\":\"https:\\\/\\\/isempackaginggroup.com\\\/fr\\\/2pointzero-group-finalise-lacquisition-majoritaire-du-groupe-italien-isem-packaging-group\\\/\"},\"wordCount\":818,\"publisher\":{\"@id\":\"https:\\\/\\\/isempackaginggroup.com\\\/fr\\\/#organization\"},\"image\":{\"@id\":\"https:\\\/\\\/isempackaginggroup.com\\\/fr\\\/2pointzero-group-finalise-lacquisition-majoritaire-du-groupe-italien-isem-packaging-group\\\/#primaryimage\"},\"thumbnailUrl\":\"https:\\\/\\\/isempackaginggroup.com\\\/luxury-packaging\\\/wp-content\\\/uploads\\\/2026\\\/03\\\/1772716210991.jpeg\",\"keywords\":[\"press release\"],\"articleSection\":[\"News\"],\"inLanguage\":\"fr-FR\"},{\"@type\":\"WebPage\",\"@id\":\"https:\\\/\\\/isempackaginggroup.com\\\/fr\\\/2pointzero-group-finalise-lacquisition-majoritaire-du-groupe-italien-isem-packaging-group\\\/\",\"url\":\"https:\\\/\\\/isempackaginggroup.com\\\/fr\\\/2pointzero-group-finalise-lacquisition-majoritaire-du-groupe-italien-isem-packaging-group\\\/\",\"name\":\"2PointZero Group completa l\u2019acquisizione maggioritaria di ISEM Packaging Group\",\"isPartOf\":{\"@id\":\"https:\\\/\\\/isempackaginggroup.com\\\/fr\\\/#website\"},\"primaryImageOfPage\":{\"@id\":\"https:\\\/\\\/isempackaginggroup.com\\\/fr\\\/2pointzero-group-finalise-lacquisition-majoritaire-du-groupe-italien-isem-packaging-group\\\/#primaryimage\"},\"image\":{\"@id\":\"https:\\\/\\\/isempackaginggroup.com\\\/fr\\\/2pointzero-group-finalise-lacquisition-majoritaire-du-groupe-italien-isem-packaging-group\\\/#primaryimage\"},\"thumbnailUrl\":\"https:\\\/\\\/isempackaginggroup.com\\\/luxury-packaging\\\/wp-content\\\/uploads\\\/2026\\\/03\\\/1772716210991.jpeg\",\"datePublished\":\"2026-03-04T16:10:29+00:00\",\"dateModified\":\"2026-03-06T16:17:29+00:00\",\"description\":\"2PointZero Group completa l\u2019acquisizione maggioritaria del gruppo italiano ISEM Packaging Group per 704 milioni di AED (\u2248 164,7 milioni EUR)\",\"breadcrumb\":{\"@id\":\"https:\\\/\\\/isempackaginggroup.com\\\/fr\\\/2pointzero-group-finalise-lacquisition-majoritaire-du-groupe-italien-isem-packaging-group\\\/#breadcrumb\"},\"inLanguage\":\"fr-FR\",\"potentialAction\":[{\"@type\":\"ReadAction\",\"target\":[\"https:\\\/\\\/isempackaginggroup.com\\\/fr\\\/2pointzero-group-finalise-lacquisition-majoritaire-du-groupe-italien-isem-packaging-group\\\/\"]}]},{\"@type\":\"ImageObject\",\"inLanguage\":\"fr-FR\",\"@id\":\"https:\\\/\\\/isempackaginggroup.com\\\/fr\\\/2pointzero-group-finalise-lacquisition-majoritaire-du-groupe-italien-isem-packaging-group\\\/#primaryimage\",\"url\":\"https:\\\/\\\/isempackaginggroup.com\\\/luxury-packaging\\\/wp-content\\\/uploads\\\/2026\\\/03\\\/1772716210991.jpeg\",\"contentUrl\":\"https:\\\/\\\/isempackaginggroup.com\\\/luxury-packaging\\\/wp-content\\\/uploads\\\/2026\\\/03\\\/1772716210991.jpeg\",\"width\":1078,\"height\":719},{\"@type\":\"BreadcrumbList\",\"@id\":\"https:\\\/\\\/isempackaginggroup.com\\\/fr\\\/2pointzero-group-finalise-lacquisition-majoritaire-du-groupe-italien-isem-packaging-group\\\/#breadcrumb\",\"itemListElement\":[{\"@type\":\"ListItem\",\"position\":1,\"name\":\"Home\",\"item\":\"https:\\\/\\\/isempackaginggroup.com\\\/fr\\\/\"},{\"@type\":\"ListItem\",\"position\":2,\"name\":\"2PointZero Group finalise l\u2019acquisition majoritaire du groupe italien ISEM Packaging Group\"}]},{\"@type\":\"WebSite\",\"@id\":\"https:\\\/\\\/isempackaginggroup.com\\\/fr\\\/#website\",\"url\":\"https:\\\/\\\/isempackaginggroup.com\\\/fr\\\/\",\"name\":\"Isem Packaging Group\",\"description\":\"\",\"publisher\":{\"@id\":\"https:\\\/\\\/isempackaginggroup.com\\\/fr\\\/#organization\"},\"potentialAction\":[{\"@type\":\"SearchAction\",\"target\":{\"@type\":\"EntryPoint\",\"urlTemplate\":\"https:\\\/\\\/isempackaginggroup.com\\\/fr\\\/?s={search_term_string}\"},\"query-input\":{\"@type\":\"PropertyValueSpecification\",\"valueRequired\":true,\"valueName\":\"search_term_string\"}}],\"inLanguage\":\"fr-FR\"},{\"@type\":\"Organization\",\"@id\":\"https:\\\/\\\/isempackaginggroup.com\\\/fr\\\/#organization\",\"name\":\"Isem Packaging Group\",\"url\":\"https:\\\/\\\/isempackaginggroup.com\\\/fr\\\/\",\"logo\":{\"@type\":\"ImageObject\",\"inLanguage\":\"fr-FR\",\"@id\":\"https:\\\/\\\/isempackaginggroup.com\\\/fr\\\/#\\\/schema\\\/logo\\\/image\\\/\",\"url\":\"https:\\\/\\\/isempackaginggroup.com\\\/luxury-packaging\\\/wp-content\\\/uploads\\\/2024\\\/01\\\/logo-ISEM-2023.jpg\",\"contentUrl\":\"https:\\\/\\\/isempackaginggroup.com\\\/luxury-packaging\\\/wp-content\\\/uploads\\\/2024\\\/01\\\/logo-ISEM-2023.jpg\",\"width\":2560,\"height\":1812,\"caption\":\"Isem Packaging Group\"},\"image\":{\"@id\":\"https:\\\/\\\/isempackaginggroup.com\\\/fr\\\/#\\\/schema\\\/logo\\\/image\\\/\"},\"sameAs\":[\"https:\\\/\\\/www.linkedin.com\\\/company\\\/isemgroup\\\/\"]},{\"@type\":\"Person\",\"@id\":\"https:\\\/\\\/isempackaginggroup.com\\\/fr\\\/#\\\/schema\\\/person\\\/5901e81f7d6061a5b60113eb714a9e62\",\"name\":\"adminipg\",\"image\":{\"@type\":\"ImageObject\",\"inLanguage\":\"fr-FR\",\"@id\":\"https:\\\/\\\/secure.gravatar.com\\\/avatar\\\/846163bbf3be7161946ac75b3f81e1f0794292256dfced346630a607d92f5c1e?s=96&d=mm&r=g\",\"url\":\"https:\\\/\\\/secure.gravatar.com\\\/avatar\\\/846163bbf3be7161946ac75b3f81e1f0794292256dfced346630a607d92f5c1e?s=96&d=mm&r=g\",\"contentUrl\":\"https:\\\/\\\/secure.gravatar.com\\\/avatar\\\/846163bbf3be7161946ac75b3f81e1f0794292256dfced346630a607d92f5c1e?s=96&d=mm&r=g\",\"caption\":\"adminipg\"},\"sameAs\":[\"https:\\\/\\\/isempackaginggroup.com\\\/luxury-packaging\"],\"url\":\"https:\\\/\\\/isempackaginggroup.com\\\/fr\\\/author\\\/adminipg\\\/\"}]}<\/script>\n<!-- \/ Yoast SEO plugin. -->","yoast_head_json":{"title":"2PointZero Group completa l\u2019acquisizione maggioritaria di ISEM Packaging Group","description":"2PointZero Group completa l\u2019acquisizione maggioritaria del gruppo italiano ISEM Packaging Group per 704 milioni di AED (\u2248 164,7 milioni EUR)","robots":{"index":"index","follow":"follow","max-snippet":"max-snippet:-1","max-image-preview":"max-image-preview:large","max-video-preview":"max-video-preview:-1"},"canonical":"https:\/\/isempackaginggroup.com\/fr\/2pointzero-group-finalise-lacquisition-majoritaire-du-groupe-italien-isem-packaging-group\/","og_locale":"fr_FR","og_type":"article","og_title":"2PointZero Group completa l\u2019acquisizione maggioritaria di ISEM Packaging Group","og_description":"2PointZero Group completa l\u2019acquisizione maggioritaria del gruppo italiano ISEM Packaging Group per 704 milioni di AED (\u2248 164,7 milioni EUR)","og_url":"https:\/\/isempackaginggroup.com\/fr\/2pointzero-group-finalise-lacquisition-majoritaire-du-groupe-italien-isem-packaging-group\/","og_site_name":"Isem Packaging Group","article_published_time":"2026-03-04T16:10:29+00:00","article_modified_time":"2026-03-06T16:17:29+00:00","og_image":[{"width":1078,"height":719,"url":"https:\/\/isempackaginggroup.com\/luxury-packaging\/wp-content\/uploads\/2026\/03\/1772716210991.jpeg","type":"image\/jpeg"}],"author":"adminipg","twitter_card":"summary_large_image","twitter_misc":{"Written by":"adminipg","Est. reading time":"4 minutes"},"schema":{"@context":"https:\/\/schema.org","@graph":[{"@type":"Article","@id":"https:\/\/isempackaginggroup.com\/fr\/2pointzero-group-finalise-lacquisition-majoritaire-du-groupe-italien-isem-packaging-group\/#article","isPartOf":{"@id":"https:\/\/isempackaginggroup.com\/fr\/2pointzero-group-finalise-lacquisition-majoritaire-du-groupe-italien-isem-packaging-group\/"},"author":{"name":"adminipg","@id":"https:\/\/isempackaginggroup.com\/fr\/#\/schema\/person\/5901e81f7d6061a5b60113eb714a9e62"},"headline":"2PointZero Group finalise l\u2019acquisition majoritaire du groupe italien ISEM Packaging Group","datePublished":"2026-03-04T16:10:29+00:00","dateModified":"2026-03-06T16:17:29+00:00","mainEntityOfPage":{"@id":"https:\/\/isempackaginggroup.com\/fr\/2pointzero-group-finalise-lacquisition-majoritaire-du-groupe-italien-isem-packaging-group\/"},"wordCount":818,"publisher":{"@id":"https:\/\/isempackaginggroup.com\/fr\/#organization"},"image":{"@id":"https:\/\/isempackaginggroup.com\/fr\/2pointzero-group-finalise-lacquisition-majoritaire-du-groupe-italien-isem-packaging-group\/#primaryimage"},"thumbnailUrl":"https:\/\/isempackaginggroup.com\/luxury-packaging\/wp-content\/uploads\/2026\/03\/1772716210991.jpeg","keywords":["press release"],"articleSection":["News"],"inLanguage":"fr-FR"},{"@type":"WebPage","@id":"https:\/\/isempackaginggroup.com\/fr\/2pointzero-group-finalise-lacquisition-majoritaire-du-groupe-italien-isem-packaging-group\/","url":"https:\/\/isempackaginggroup.com\/fr\/2pointzero-group-finalise-lacquisition-majoritaire-du-groupe-italien-isem-packaging-group\/","name":"2PointZero Group completa l\u2019acquisizione maggioritaria di ISEM Packaging Group","isPartOf":{"@id":"https:\/\/isempackaginggroup.com\/fr\/#website"},"primaryImageOfPage":{"@id":"https:\/\/isempackaginggroup.com\/fr\/2pointzero-group-finalise-lacquisition-majoritaire-du-groupe-italien-isem-packaging-group\/#primaryimage"},"image":{"@id":"https:\/\/isempackaginggroup.com\/fr\/2pointzero-group-finalise-lacquisition-majoritaire-du-groupe-italien-isem-packaging-group\/#primaryimage"},"thumbnailUrl":"https:\/\/isempackaginggroup.com\/luxury-packaging\/wp-content\/uploads\/2026\/03\/1772716210991.jpeg","datePublished":"2026-03-04T16:10:29+00:00","dateModified":"2026-03-06T16:17:29+00:00","description":"2PointZero Group completa l\u2019acquisizione maggioritaria del gruppo italiano ISEM Packaging Group per 704 milioni di AED (\u2248 164,7 milioni EUR)","breadcrumb":{"@id":"https:\/\/isempackaginggroup.com\/fr\/2pointzero-group-finalise-lacquisition-majoritaire-du-groupe-italien-isem-packaging-group\/#breadcrumb"},"inLanguage":"fr-FR","potentialAction":[{"@type":"ReadAction","target":["https:\/\/isempackaginggroup.com\/fr\/2pointzero-group-finalise-lacquisition-majoritaire-du-groupe-italien-isem-packaging-group\/"]}]},{"@type":"ImageObject","inLanguage":"fr-FR","@id":"https:\/\/isempackaginggroup.com\/fr\/2pointzero-group-finalise-lacquisition-majoritaire-du-groupe-italien-isem-packaging-group\/#primaryimage","url":"https:\/\/isempackaginggroup.com\/luxury-packaging\/wp-content\/uploads\/2026\/03\/1772716210991.jpeg","contentUrl":"https:\/\/isempackaginggroup.com\/luxury-packaging\/wp-content\/uploads\/2026\/03\/1772716210991.jpeg","width":1078,"height":719},{"@type":"BreadcrumbList","@id":"https:\/\/isempackaginggroup.com\/fr\/2pointzero-group-finalise-lacquisition-majoritaire-du-groupe-italien-isem-packaging-group\/#breadcrumb","itemListElement":[{"@type":"ListItem","position":1,"name":"Home","item":"https:\/\/isempackaginggroup.com\/fr\/"},{"@type":"ListItem","position":2,"name":"2PointZero Group finalise l\u2019acquisition majoritaire du groupe italien ISEM Packaging Group"}]},{"@type":"WebSite","@id":"https:\/\/isempackaginggroup.com\/fr\/#website","url":"https:\/\/isempackaginggroup.com\/fr\/","name":"Isem Packaging Group","description":"","publisher":{"@id":"https:\/\/isempackaginggroup.com\/fr\/#organization"},"potentialAction":[{"@type":"SearchAction","target":{"@type":"EntryPoint","urlTemplate":"https:\/\/isempackaginggroup.com\/fr\/?s={search_term_string}"},"query-input":{"@type":"PropertyValueSpecification","valueRequired":true,"valueName":"search_term_string"}}],"inLanguage":"fr-FR"},{"@type":"Organization","@id":"https:\/\/isempackaginggroup.com\/fr\/#organization","name":"Isem Packaging Group","url":"https:\/\/isempackaginggroup.com\/fr\/","logo":{"@type":"ImageObject","inLanguage":"fr-FR","@id":"https:\/\/isempackaginggroup.com\/fr\/#\/schema\/logo\/image\/","url":"https:\/\/isempackaginggroup.com\/luxury-packaging\/wp-content\/uploads\/2024\/01\/logo-ISEM-2023.jpg","contentUrl":"https:\/\/isempackaginggroup.com\/luxury-packaging\/wp-content\/uploads\/2024\/01\/logo-ISEM-2023.jpg","width":2560,"height":1812,"caption":"Isem Packaging Group"},"image":{"@id":"https:\/\/isempackaginggroup.com\/fr\/#\/schema\/logo\/image\/"},"sameAs":["https:\/\/www.linkedin.com\/company\/isemgroup\/"]},{"@type":"Person","@id":"https:\/\/isempackaginggroup.com\/fr\/#\/schema\/person\/5901e81f7d6061a5b60113eb714a9e62","name":"adminipg","image":{"@type":"ImageObject","inLanguage":"fr-FR","@id":"https:\/\/secure.gravatar.com\/avatar\/846163bbf3be7161946ac75b3f81e1f0794292256dfced346630a607d92f5c1e?s=96&d=mm&r=g","url":"https:\/\/secure.gravatar.com\/avatar\/846163bbf3be7161946ac75b3f81e1f0794292256dfced346630a607d92f5c1e?s=96&d=mm&r=g","contentUrl":"https:\/\/secure.gravatar.com\/avatar\/846163bbf3be7161946ac75b3f81e1f0794292256dfced346630a607d92f5c1e?s=96&d=mm&r=g","caption":"adminipg"},"sameAs":["https:\/\/isempackaginggroup.com\/luxury-packaging"],"url":"https:\/\/isempackaginggroup.com\/fr\/author\/adminipg\/"}]}},"_links":{"self":[{"href":"https:\/\/isempackaginggroup.com\/fr\/wp-json\/wp\/v2\/posts\/12645","targetHints":{"allow":["GET"]}}],"collection":[{"href":"https:\/\/isempackaginggroup.com\/fr\/wp-json\/wp\/v2\/posts"}],"about":[{"href":"https:\/\/isempackaginggroup.com\/fr\/wp-json\/wp\/v2\/types\/post"}],"author":[{"embeddable":true,"href":"https:\/\/isempackaginggroup.com\/fr\/wp-json\/wp\/v2\/users\/1"}],"replies":[{"embeddable":true,"href":"https:\/\/isempackaginggroup.com\/fr\/wp-json\/wp\/v2\/comments?post=12645"}],"version-history":[{"count":3,"href":"https:\/\/isempackaginggroup.com\/fr\/wp-json\/wp\/v2\/posts\/12645\/revisions"}],"predecessor-version":[{"id":12656,"href":"https:\/\/isempackaginggroup.com\/fr\/wp-json\/wp\/v2\/posts\/12645\/revisions\/12656"}],"wp:featuredmedia":[{"embeddable":true,"href":"https:\/\/isempackaginggroup.com\/fr\/wp-json\/wp\/v2\/media\/12648"}],"wp:attachment":[{"href":"https:\/\/isempackaginggroup.com\/fr\/wp-json\/wp\/v2\/media?parent=12645"}],"wp:term":[{"taxonomy":"category","embeddable":true,"href":"https:\/\/isempackaginggroup.com\/fr\/wp-json\/wp\/v2\/categories?post=12645"},{"taxonomy":"post_tag","embeddable":true,"href":"https:\/\/isempackaginggroup.com\/fr\/wp-json\/wp\/v2\/tags?post=12645"}],"curies":[{"name":"wp","href":"https:\/\/api.w.org\/{rel}","templated":true}]}}