{"id":10780,"date":"2025-09-10T11:59:13","date_gmt":"2025-09-10T09:59:13","guid":{"rendered":"https:\/\/isempackaginggroup.com\/?p=10780"},"modified":"2025-09-10T17:47:47","modified_gmt":"2025-09-10T15:47:47","slug":"isem-packaging-group-a-luxe-pack-monaco-2025-entre-litalie-et-lespagne-le-nouveau-visage-du-packaging-de-luxe-europeen","status":"publish","type":"post","link":"https:\/\/isempackaginggroup.com\/fr\/isem-packaging-group-a-luxe-pack-monaco-2025-entre-litalie-et-lespagne-le-nouveau-visage-du-packaging-de-luxe-europeen\/","title":{"rendered":"ISEM Packaging Group \u00e0 Luxe Pack Monaco 2025 : entre l\u2019Italie et l\u2019Espagne, le nouveau visage du packaging de luxe europ\u00e9en"},"content":{"rendered":"<div class=\"wpb-content-wrapper\"><p>[vc_row][vc_column][vc_column_text css=&#8221;&#8221;]Du <strong>29 septembre au 1er octobre 2025<\/strong>, <strong>ISEM Packaging Group<\/strong> sera pr\u00e9sent au <strong>Grimaldi Forum \u00e0 Monaco <\/strong>\u00e0 l\u2019occasion du <strong>salon Luxe Pack<\/strong>, le rendez-vous international incontournable, reconnu comme le carrefour mondial du design, de la durabilit\u00e9 et de la cr\u00e9ativit\u00e9 dans le packaging haut de gamme.<\/p>\n<p>Cette \u00e9dition marquera une <strong>\u00e9tape cl\u00e9 pour notre Groupe<\/strong> : pour la premi\u00e8re fois (depuis l\u2019int\u00e9gration d\u2019EGISA, en mars dernier), toutes les soci\u00e9t\u00e9s qui nous composent \u2014 <a href=\"https:\/\/isempackaginggroup.com\/fr\/entreprises\/\" target=\"_blank\" rel=\"noopener\"><u>ISEM, Grafiche Bramucci, Industrial Pack, Sacchettificio Toscano, Bartoli Packaging et EGISA<\/u><\/a> \u2014 seront r\u00e9unies sous un m\u00eame nom et un m\u00eame stand \u00e0 Monaco : <strong>ISEM Packaging Group<\/strong>, au <strong>RB07 dans le Hall Ravel.<\/strong><\/p>\n<p>Nous pr\u00e9senterons \u00e0 cette occasion, <strong>aux plus grandes maisons internationales<\/strong>, toute l\u2019\u00e9tendue de notre savoir-faire : <strong>coffrets rigides, \u00e9tuis pliants, papiers de soie personnalis\u00e9s, et sacs, pochons &amp; pochettes textiles<\/strong>. Nous d\u00e9montrerons \u00e9galement <strong>la force de notre mod\u00e8le int\u00e9gr\u00e9<\/strong>, capable d\u2019accompagner nos partenaires \u00e0 chaque \u00e9tape : de la <strong>cr\u00e9ation au prototypage<\/strong>, de la <strong>production jusqu\u2019au co-packing<\/strong>. Une offre compl\u00e8te pour la conception de <strong>packagings d\u2019exception<\/strong> dans les univers de la beaut\u00e9, de la mode et des vins &amp; spiritueux.[\/vc_column_text][\/vc_column][\/vc_row][vc_row][vc_column][vc_single_image image=&#8221;10781&#8243; img_size=&#8221;full&#8221; alignment=&#8221;center&#8221; onclick=&#8221;link_image&#8221; css=&#8221;&#8221;][\/vc_column][\/vc_row][vc_row][vc_column][vc_column_text css=&#8221;&#8221;]<strong>Luxe Pack Monaco 2025<\/strong> sera aussi l\u2019occasion d\u2019affirmer <strong>notre vision d\u2019un packaging de luxe\u00a0 <em>Made in Europe<\/em> <\/strong>: un mod\u00e8le n\u00e9 de la <strong>synergie entre des entreprises historiques italiennes et espagnoles<\/strong>, r\u00e9unies autour d\u2019un <strong>projet guid\u00e9 par l\u2019excellence<\/strong>. Une vision qui se traduit par des solutions reconnues pour la <strong>noblesse de leurs mat\u00e9riaux<\/strong>, <strong>la finesse de leurs finitions<\/strong>, la <strong>pr\u00e9cision de leur design<\/strong>, <strong>l\u2019innovation technologique<\/strong> et &#8211; plus que jamais &#8211; la <strong>durabilit\u00e9<\/strong>, valeur d\u00e9sormais centrale de notre d\u00e9marche.<\/p>\n<p>Comme chaque ann\u00e9e, la <strong>durabilit\u00e9<\/strong> sera au c\u0153ur de l\u2019\u00e9v\u00e9nement, avec les tr\u00e8s attendus <strong><em>Green Awards<\/em><\/strong>, qui distinguent les initiatives les plus inspirantes, et une <strong>s\u00e9lection de projets d\u00e9montrant qu\u2019excellence esth\u00e9tique et responsabilit\u00e9 environnementale peuvent aller de pair.<\/strong><\/p>\n<p><strong>Nous concourrons cette ann\u00e9e avec un projet embl\u00e9matique de notre approche d\u2019\u00e9co-conception<\/strong> : un \u00e9tui pliant destin\u00e9 \u00e0 contenir un parfum prestigieux, \u00e9labor\u00e9 en <strong>carton certifi\u00e9 FSC\u00ae, d\u00e9cor\u00e9 en marquage \u00e0 froid en substitution du film PET m\u00e9tallis\u00e9, avec une couverture d\u2019encre r\u00e9duite et une conception monomati\u00e8re qui en fait un \u00e9tui facilement recyclable<\/strong>. Ce projet, r\u00e9plicable \u00e0 grande \u00e9chelle, illustre parfaitement que <strong>l\u2019on peut r\u00e9duire l\u2019impact environnemental sans jamais renoncer \u00e0 l\u2019esth\u00e9tique ni \u00e0 la qualit\u00e9.<\/strong>[\/vc_column_text][\/vc_column][\/vc_row][vc_row][vc_column][vc_single_image image=&#8221;10784&#8243; img_size=&#8221;full&#8221; alignment=&#8221;center&#8221; onclick=&#8221;link_image&#8221; css=&#8221;&#8221;][\/vc_column][\/vc_row][vc_row][vc_column][vc_column_text css=&#8221;&#8221;]<strong>ISEM Packaging Group: l\u2019excellence durable entre l\u2019Italie et l\u2019Espagne<\/strong><\/p>\n<p><strong>Performance, \u00e9l\u00e9gance, innovation et durabilit\u00e9 <\/strong>ne sont pas pour nous de simples ambitions : <strong>ce sont les piliers m\u00eames de notre identit\u00e9<\/strong>. Elles trouvent leur origine dans la culture industrielle et l\u2019ancrage territorial des <strong>six entreprises europ\u00e9ennes qui composent le Groupe, toutes riches de plus de 70 ans d\u2019histoire<\/strong>, <strong>de la <em>packaging valley<\/em> italienne au dynamisme de Barcelone.<\/strong> Elles sont aujourd\u2019hui renforc\u00e9es par la compl\u00e9mentarit\u00e9 d\u2019un ensemble que nous pouvons pr\u00e9senter avec fiert\u00e9 comme <strong>le premier groupe multinational int\u00e9gr\u00e9 exclusivement d\u00e9di\u00e9 au packaging de luxe.<\/strong><\/p>\n<p>L\u2019\u00e9l\u00e9gance, le raffinement esth\u00e9tique et la ma\u00eetrise artisanale qui d\u00e9finissent le <em>Made in Italy<\/em>, conjugu\u00e9s \u00e0 la cr\u00e9ativit\u00e9 audacieuse et \u00e0 l\u2019excellence technologique de l\u2019Espagne, et plus particuli\u00e8rement du <em>Made in Barcelona<\/em>, convergent autour d\u2019une exigence commune : la durabilit\u00e9. Ensemble, ils fa\u00e7onnent notre vision d\u2019un nouveau standard du packaging de luxe europ\u00e9en &#8211; authentique, distinctif et exemplaire. Un mod\u00e8le qui unit h\u00e9ritage et innovation, savoir-faire et technologie, performance et responsabilit\u00e9 environnementale.[\/vc_column_text][\/vc_column][\/vc_row][vc_row][vc_column][vc_single_image image=&#8221;10787&#8243; img_size=&#8221;full&#8221; alignment=&#8221;center&#8221; onclick=&#8221;link_image&#8221; css=&#8221;&#8221;][\/vc_column][\/vc_row][vc_row][vc_column][vc_column_text css=&#8221;&#8221;]<strong><em>Made in Italy<\/em><\/strong><strong> : tradition artisanale, design raffin\u00e9 et art du storytelling<\/strong><\/p>\n<p>L\u2019h\u00e9ritage italien de notre Groupe s\u2019exprime dans une approche du packaging de luxe fond\u00e9e sur la <strong>tradition artisanale, l\u2019ex\u00e9cution minutieuse, le design raffin\u00e9 et la valeur \u00e9motionnelle transmise par le storytelling visuel.<\/strong><\/p>\n<p>L\u2019esth\u00e9tique italienne est mondialement reconnue pour son \u00e9l\u00e9gance \u00e9pur\u00e9e : <strong>des \u00e9l\u00e9ments graphiques minimalistes et des finitions haut de gamme<\/strong>. Cet ADN <em>Made in Italy<\/em> se traduit par un \u00e9quilibre unique entre <strong>tradition et innovation<\/strong> : d\u2019un c\u00f4t\u00e9, <strong>le soin artisanal port\u00e9 \u00e0 chaque d\u00e9tail et la s\u00e9lection de mat\u00e9riaux nobles<\/strong> ; de l\u2019autre, <strong>l\u2019investissement dans des technologies de pointe<\/strong>, telles que les syst\u00e8mes qui nous permettent de produire des <a href=\"https:\/\/isempackaginggroup.com\/fr\/isem-et-les-maisons-de-la-mode-nouvelles-technologies-haut-de-gamme-pour-les-emballages-de-luxe\/\" target=\"_blank\" rel=\"noopener\"><u>bo\u00eetes rigides pliables<\/u><\/a> &#8211; une technologie unique en Europe &#8211; ainsi que des solutions de d\u00e9coupe sp\u00e9cialis\u00e9es qui renforcent encore l\u2019exclusivit\u00e9 de nos packagings.<\/p>\n<p>Pour nous, <strong>chaque emballage de luxe doit \u00eatre un v\u00e9ritable objet narratif<\/strong>, o\u00f9 chaque geste et chaque d\u00e9tail comptent : de l\u2019ouverture d\u2019un \u00e9tui ou d\u2019un coffret rigide au papier de soie qu\u2019il contient, jusqu\u2019aux cr\u00e9ations textiles confectionn\u00e9es avec une pr\u00e9cision tailleur. Chaque d\u00e9tail participe \u00e0 une <strong>exp\u00e9rience coh\u00e9rente, porteuse d\u2019\u00e9motion et de valeur<\/strong>, en parfaite ad\u00e9quation avec les attentes les plus \u00e9lev\u00e9es des <strong>maisons de mode, de beaut\u00e9 et de spiritueux.<\/strong>[\/vc_column_text][\/vc_column][\/vc_row][vc_row][vc_column][vc_single_image image=&#8221;10790&#8243; img_size=&#8221;full&#8221; alignment=&#8221;center&#8221; onclick=&#8221;link_image&#8221; css=&#8221;&#8221;][\/vc_column][\/vc_row][vc_row][vc_column][vc_column_text css=&#8221;&#8221;]<strong>La touche espagnole du <em>Made in Barcelona<\/em> : design contemporain, personnalisation et exp\u00e9riences multisensorielles<\/strong><\/p>\n<p>Si l\u2019Italie incarne tradition et raffinement, le packaging de luxe espagnol, et plus sp\u00e9cifiquement le\u00a0 \u201cMade in Barcelona\u201d, se distingue par sa cr\u00e9ativit\u00e9 et son esprit d\u2019innovation.<\/p>\n<p><a href=\"https:\/\/egisa.com\/fr\/\" target=\"_blank\" rel=\"noopener\"><u>EGISA<\/u><\/a>, notre pilier espagnol, bas\u00e9 \u00e0 Barcelone, illustre parfaitement cette singularit\u00e9. Leader dans la production d\u2019\u00e9tuis pliants haut de gamme pour la parfumerie, la cosm\u00e9tique, les vins &amp; spiritueux et les produits gourmets, EGISA revisite le design contemporain avec des formes audacieuses et des visuels percutants, sublim\u00e9s par des finitions comme le marquage \u00e0 chaud, la dorure \u00e0 froid ou le gaufrage, pour cr\u00e9er des packagings multisensoriels qui s\u00e9duisent autant par le regard que par le toucher.<\/p>\n<p>La <strong>personnalisation cr\u00e9ative<\/strong> est au c\u0153ur de chaque projet\u202f: <strong>chaque \u00e9tui devient une pi\u00e8ce unique<\/strong>, con\u00e7ue pour <strong>refl\u00e9ter l\u2019identit\u00e9 de la marque<\/strong> et <strong>offrir des exp\u00e9riences d\u2019achat inoubliables.<\/strong>[\/vc_column_text][\/vc_column][\/vc_row][vc_row][vc_column][vc_single_image image=&#8221;10793&#8243; img_size=&#8221;full&#8221; alignment=&#8221;center&#8221; onclick=&#8221;link_image&#8221; css=&#8221;&#8221;][\/vc_column][\/vc_row][vc_row][vc_column][vc_column_text css=&#8221;&#8221;]<strong>Durabilit\u00e9 : de valeur ajout\u00e9e \u00e0 valeur fondamentale<\/strong><\/p>\n<p>Aujourd\u2019hui, parler de <strong>packaging de luxe<\/strong> <strong><em>Made in Europe<\/em><\/strong>, c\u2019est parler de <strong>durabilit\u00e9<\/strong>. Ce n\u2019est plus un choix\u202f: c\u2019est une <strong>exigence incontournable<\/strong>, tant pour les marques que pour les consommateurs, et un \u00e9l\u00e9ment d\u00e9terminant de notre vision du luxe.<\/p>\n<p>La durabilit\u00e9 est une <strong>priorit\u00e9 partag\u00e9e<\/strong> par les traditions italienne et espagnole, et constitue l\u2019un des principes fondamentaux sur lesquels toutes les entreprises du groupe ISEM s\u2019alignent.<\/p>\n<p>Lors du salon Luxe Pack Monaco, les visiteurs pourront d\u00e9couvrir des <a href=\"https:\/\/egisa.com\/fr\/\" target=\"_blank\" rel=\"noopener\"><u>solutions illustrant notre engagement concret en faveur de l\u2019\u00e9conomie circulaire et du luxe responsable<\/u><\/a>, parmi lesquelles\u202f:<\/p>\n<ul>\n<li><strong>\u00c9co-mat\u00e9riaux<\/strong>\u202f: papiers certifi\u00e9s FSC\u00ae combinant fibres vierges et fibres recycl\u00e9es, issus de sources g\u00e9r\u00e9es de mani\u00e8re responsable, ainsi que des concepts monomati\u00e8re d\u00e9velopp\u00e9s pour r\u00e9duire l\u2019impact environnemental des produits et faciliter leur recyclage.<\/li>\n<li><strong>\u00c9co-finitions<\/strong>\u202f: le marquage (ou dorure) \u00e0 froid, qui permet de m\u00e9talliser le carton de mani\u00e8re s\u00e9lective ou totale sans laisser de plastique sur le packaging, et qui remplace donc les films plastiques traditionnels.<\/li>\n<li><strong>Films biosourc\u00e9s \/ \u00e0 base de cellulose (ac\u00e9tate de cellulose)<\/strong>\u202f: alternative haut de gamme et d\u2019origine renouvelable aux fen\u00eatres et films plastiques classiques (d\u2019origine fossile). Cette solution allie \u00e9l\u00e9gance, transparence et performance.<\/li>\n<li><strong>Vernis sp\u00e9ciaux \u00e0 base d\u2019eau<\/strong>\u202fpour cr\u00e9er des barri\u00e8res sp\u00e9cifiques et remplacer les films plastiques traditionnels\u00a0: ces vernis techniques offrent une protection fiable anti-humidit\u00e9 et anti-graisse en cr\u00e9ant une barri\u00e8re sp\u00e9cifique, tout en offrant une empreinte environnementale r\u00e9duite.<\/li>\n<li><strong>Art-Eco et Eco-Glitter<\/strong>\u202f: solutions qui transforment la durabilit\u00e9 en un atout esth\u00e9tique et comp\u00e9titif.<\/li>\n<li><strong>Innovations<\/strong>: structures (\u00ab\u00a0carcasses\u00a0\u00bb de coffrets rigides) ou cales int\u00e9rieures en carton ondul\u00e9 (rempla\u00e7ant le carton compact) ou cales en pulpe de cellulose: des alternatives durables, plus l\u00e9g\u00e8res, qui ne compromettent ni l\u2019attrait visuel ni la performance.<\/li>\n<\/ul>\n<p>[\/vc_column_text][\/vc_column][\/vc_row][vc_row][vc_column][vc_single_image image=&#8221;10796&#8243; img_size=&#8221;full&#8221; alignment=&#8221;center&#8221; onclick=&#8221;link_image&#8221; css=&#8221;&#8221;][\/vc_column][\/vc_row][vc_row][vc_column][vc_column_text css=&#8221;&#8221;]<strong>Rendez-vous \u00e0 Luxe Pack Monaco 2025<\/strong><\/p>\n<p>Notre vision du <strong>packaging de luxe <em>Made in Europe<\/em> r\u00e9unit les principaux acteurs du continent dans une approche multi-sectorielle et multi-services, fond\u00e9e sur l\u2019innovation et la collaboration, <\/strong>pour offrir des <strong>r\u00e9sultats d\u2019excellence<\/strong>. Un mod\u00e8le qui conjugue le <strong>savoir-faire artisanal italien <\/strong>et<strong> son storytelling \u00e9motionnel<\/strong>, enrichi par <strong>l\u2019esprit dynamique et innovant de l\u2019Espagne<\/strong>, et guid\u00e9 par un engagement fort en faveur de <strong>l\u2019\u00e9l\u00e9gance, de la performance, de la durabilit\u00e9 et de l\u2019avenir.<\/strong><\/p>\n<p>Du <strong>29 septembre au 1er octobre<\/strong>, retrouvez-nous sur notre <strong>stand RB07, Hall Ravel, au Grimaldi Forum de Monaco<\/strong>, avec toutes les entreprises qui composent <strong>ISEM Packaging Group<\/strong>, pour d\u00e9couvrir comment cette vision est d\u00e9j\u00e0 devenue r\u00e9alit\u00e9. Nous avons h\u00e2te de vous y accueillir ![\/vc_column_text][\/vc_column][\/vc_row]<\/p>\n<\/div>","protected":false},"excerpt":{"rendered":"<p>[vc_row][vc_column][vc_column_text css=&#8221;&#8221;]Du 29 septembre au 1er octobre 2025, ISEM Packaging Group sera pr\u00e9sent au Grimaldi Forum \u00e0 Monaco \u00e0 l\u2019occasion du salon Luxe Pack, le rendez-vous international incontournable, reconnu comme le carrefour mondial du design, de la durabilit\u00e9 et de la cr\u00e9ativit\u00e9 dans le packaging haut de gamme. Cette \u00e9dition marquera une \u00e9tape cl\u00e9 pour<\/p>\n","protected":false},"author":1,"featured_media":10835,"comment_status":"closed","ping_status":"open","sticky":false,"template":"","format":"standard","meta":{"cybocfi_hide_featured_image":"","footnotes":""},"categories":[52,53,42],"tags":[95,55,96,97,75,80],"class_list":["post-10780","post","type-post","status-publish","format-standard","has-post-thumbnail","hentry","category-evenements","category-foires","category-news-fr","tag-ev-fr","tag-fiera-packaging-fr","tag-fiere-fr","tag-luxepack-fr","tag-luxepack-monaco-fr","tag-luxury-packaging-fr","category-52","category-53","category-42","description-off"],"yoast_head":"<!-- This site is optimized with the Yoast SEO plugin v27.4 - https:\/\/yoast.com\/product\/yoast-seo-wordpress\/ -->\n<title>ISEM Packaging Group \u00e0 Luxe Pack Monaco 2025 : entre l\u2019Italie et l\u2019Espagne, le nouveau visage du packaging de luxe europ\u00e9en - Isem Packaging Group<\/title>\n<meta name=\"robots\" content=\"index, follow, max-snippet:-1, max-image-preview:large, max-video-preview:-1\" \/>\n<link rel=\"canonical\" href=\"https:\/\/isempackaginggroup.com\/fr\/isem-packaging-group-a-luxe-pack-monaco-2025-entre-litalie-et-lespagne-le-nouveau-visage-du-packaging-de-luxe-europeen\/\" \/>\n<meta property=\"og:locale\" content=\"fr_FR\" \/>\n<meta property=\"og:type\" content=\"article\" \/>\n<meta property=\"og:title\" content=\"ISEM Packaging Group \u00e0 Luxe Pack Monaco 2025 : entre l\u2019Italie et l\u2019Espagne, le nouveau visage du packaging de luxe europ\u00e9en - Isem Packaging Group\" \/>\n<meta property=\"og:description\" content=\"[vc_row][vc_column][vc_column_text css=&#8221;&#8221;]Du 29 septembre au 1er octobre 2025, ISEM Packaging Group sera pr\u00e9sent au Grimaldi Forum \u00e0 Monaco \u00e0 l\u2019occasion du salon Luxe Pack, le rendez-vous international incontournable, reconnu comme le carrefour mondial du design, de la durabilit\u00e9 et de la cr\u00e9ativit\u00e9 dans le packaging haut de gamme. Cette \u00e9dition marquera une \u00e9tape cl\u00e9 pour\" \/>\n<meta property=\"og:url\" content=\"https:\/\/isempackaginggroup.com\/fr\/isem-packaging-group-a-luxe-pack-monaco-2025-entre-litalie-et-lespagne-le-nouveau-visage-du-packaging-de-luxe-europeen\/\" \/>\n<meta property=\"og:site_name\" content=\"Isem Packaging Group\" \/>\n<meta property=\"article:published_time\" content=\"2025-09-10T09:59:13+00:00\" \/>\n<meta property=\"article:modified_time\" content=\"2025-09-10T15:47:47+00:00\" \/>\n<meta property=\"og:image\" content=\"https:\/\/isempackaginggroup.com\/luxury-packaging\/wp-content\/uploads\/2025\/09\/jimmy_chou_packaging.jpg\" \/>\n\t<meta property=\"og:image:width\" content=\"1600\" \/>\n\t<meta property=\"og:image:height\" content=\"1200\" \/>\n\t<meta property=\"og:image:type\" content=\"image\/jpeg\" \/>\n<meta name=\"author\" content=\"adminipg\" \/>\n<meta name=\"twitter:card\" content=\"summary_large_image\" \/>\n<meta name=\"twitter:label1\" content=\"Written by\" \/>\n\t<meta name=\"twitter:data1\" content=\"adminipg\" \/>\n\t<meta name=\"twitter:label2\" content=\"Est. reading time\" \/>\n\t<meta name=\"twitter:data2\" content=\"9 minutes\" \/>\n<script type=\"application\/ld+json\" class=\"yoast-schema-graph\">{\"@context\":\"https:\\\/\\\/schema.org\",\"@graph\":[{\"@type\":\"Article\",\"@id\":\"https:\\\/\\\/isempackaginggroup.com\\\/fr\\\/isem-packaging-group-a-luxe-pack-monaco-2025-entre-litalie-et-lespagne-le-nouveau-visage-du-packaging-de-luxe-europeen\\\/#article\",\"isPartOf\":{\"@id\":\"https:\\\/\\\/isempackaginggroup.com\\\/fr\\\/isem-packaging-group-a-luxe-pack-monaco-2025-entre-litalie-et-lespagne-le-nouveau-visage-du-packaging-de-luxe-europeen\\\/\"},\"author\":{\"name\":\"adminipg\",\"@id\":\"https:\\\/\\\/isempackaginggroup.com\\\/fr\\\/#\\\/schema\\\/person\\\/5901e81f7d6061a5b60113eb714a9e62\"},\"headline\":\"ISEM Packaging Group \u00e0 Luxe Pack Monaco 2025 : entre l\u2019Italie et l\u2019Espagne, le nouveau visage du packaging de luxe europ\u00e9en\",\"datePublished\":\"2025-09-10T09:59:13+00:00\",\"dateModified\":\"2025-09-10T15:47:47+00:00\",\"mainEntityOfPage\":{\"@id\":\"https:\\\/\\\/isempackaginggroup.com\\\/fr\\\/isem-packaging-group-a-luxe-pack-monaco-2025-entre-litalie-et-lespagne-le-nouveau-visage-du-packaging-de-luxe-europeen\\\/\"},\"wordCount\":1727,\"publisher\":{\"@id\":\"https:\\\/\\\/isempackaginggroup.com\\\/fr\\\/#organization\"},\"image\":{\"@id\":\"https:\\\/\\\/isempackaginggroup.com\\\/fr\\\/isem-packaging-group-a-luxe-pack-monaco-2025-entre-litalie-et-lespagne-le-nouveau-visage-du-packaging-de-luxe-europeen\\\/#primaryimage\"},\"thumbnailUrl\":\"https:\\\/\\\/isempackaginggroup.com\\\/luxury-packaging\\\/wp-content\\\/uploads\\\/2025\\\/09\\\/jimmy_chou_packaging.jpg\",\"keywords\":[\"ev\",\"Fiera Packaging\",\"fiere\",\"Luxepack\",\"Luxepack Monaco\",\"luxury packaging\"],\"articleSection\":[\"\u00c9v\u00e9nements\",\"Foires\",\"News\"],\"inLanguage\":\"fr-FR\"},{\"@type\":\"WebPage\",\"@id\":\"https:\\\/\\\/isempackaginggroup.com\\\/fr\\\/isem-packaging-group-a-luxe-pack-monaco-2025-entre-litalie-et-lespagne-le-nouveau-visage-du-packaging-de-luxe-europeen\\\/\",\"url\":\"https:\\\/\\\/isempackaginggroup.com\\\/fr\\\/isem-packaging-group-a-luxe-pack-monaco-2025-entre-litalie-et-lespagne-le-nouveau-visage-du-packaging-de-luxe-europeen\\\/\",\"name\":\"ISEM Packaging Group \u00e0 Luxe Pack Monaco 2025 : entre l\u2019Italie et l\u2019Espagne, le nouveau visage du packaging de luxe europ\u00e9en - Isem Packaging Group\",\"isPartOf\":{\"@id\":\"https:\\\/\\\/isempackaginggroup.com\\\/fr\\\/#website\"},\"primaryImageOfPage\":{\"@id\":\"https:\\\/\\\/isempackaginggroup.com\\\/fr\\\/isem-packaging-group-a-luxe-pack-monaco-2025-entre-litalie-et-lespagne-le-nouveau-visage-du-packaging-de-luxe-europeen\\\/#primaryimage\"},\"image\":{\"@id\":\"https:\\\/\\\/isempackaginggroup.com\\\/fr\\\/isem-packaging-group-a-luxe-pack-monaco-2025-entre-litalie-et-lespagne-le-nouveau-visage-du-packaging-de-luxe-europeen\\\/#primaryimage\"},\"thumbnailUrl\":\"https:\\\/\\\/isempackaginggroup.com\\\/luxury-packaging\\\/wp-content\\\/uploads\\\/2025\\\/09\\\/jimmy_chou_packaging.jpg\",\"datePublished\":\"2025-09-10T09:59:13+00:00\",\"dateModified\":\"2025-09-10T15:47:47+00:00\",\"breadcrumb\":{\"@id\":\"https:\\\/\\\/isempackaginggroup.com\\\/fr\\\/isem-packaging-group-a-luxe-pack-monaco-2025-entre-litalie-et-lespagne-le-nouveau-visage-du-packaging-de-luxe-europeen\\\/#breadcrumb\"},\"inLanguage\":\"fr-FR\",\"potentialAction\":[{\"@type\":\"ReadAction\",\"target\":[\"https:\\\/\\\/isempackaginggroup.com\\\/fr\\\/isem-packaging-group-a-luxe-pack-monaco-2025-entre-litalie-et-lespagne-le-nouveau-visage-du-packaging-de-luxe-europeen\\\/\"]}]},{\"@type\":\"ImageObject\",\"inLanguage\":\"fr-FR\",\"@id\":\"https:\\\/\\\/isempackaginggroup.com\\\/fr\\\/isem-packaging-group-a-luxe-pack-monaco-2025-entre-litalie-et-lespagne-le-nouveau-visage-du-packaging-de-luxe-europeen\\\/#primaryimage\",\"url\":\"https:\\\/\\\/isempackaginggroup.com\\\/luxury-packaging\\\/wp-content\\\/uploads\\\/2025\\\/09\\\/jimmy_chou_packaging.jpg\",\"contentUrl\":\"https:\\\/\\\/isempackaginggroup.com\\\/luxury-packaging\\\/wp-content\\\/uploads\\\/2025\\\/09\\\/jimmy_chou_packaging.jpg\",\"width\":1600,\"height\":1200},{\"@type\":\"BreadcrumbList\",\"@id\":\"https:\\\/\\\/isempackaginggroup.com\\\/fr\\\/isem-packaging-group-a-luxe-pack-monaco-2025-entre-litalie-et-lespagne-le-nouveau-visage-du-packaging-de-luxe-europeen\\\/#breadcrumb\",\"itemListElement\":[{\"@type\":\"ListItem\",\"position\":1,\"name\":\"Home\",\"item\":\"https:\\\/\\\/isempackaginggroup.com\\\/fr\\\/\"},{\"@type\":\"ListItem\",\"position\":2,\"name\":\"ISEM Packaging Group \u00e0 Luxe Pack Monaco 2025 : entre l\u2019Italie et l\u2019Espagne, le nouveau visage du packaging de luxe europ\u00e9en\"}]},{\"@type\":\"WebSite\",\"@id\":\"https:\\\/\\\/isempackaginggroup.com\\\/fr\\\/#website\",\"url\":\"https:\\\/\\\/isempackaginggroup.com\\\/fr\\\/\",\"name\":\"Isem Packaging Group\",\"description\":\"\",\"publisher\":{\"@id\":\"https:\\\/\\\/isempackaginggroup.com\\\/fr\\\/#organization\"},\"potentialAction\":[{\"@type\":\"SearchAction\",\"target\":{\"@type\":\"EntryPoint\",\"urlTemplate\":\"https:\\\/\\\/isempackaginggroup.com\\\/fr\\\/?s={search_term_string}\"},\"query-input\":{\"@type\":\"PropertyValueSpecification\",\"valueRequired\":true,\"valueName\":\"search_term_string\"}}],\"inLanguage\":\"fr-FR\"},{\"@type\":\"Organization\",\"@id\":\"https:\\\/\\\/isempackaginggroup.com\\\/fr\\\/#organization\",\"name\":\"Isem Packaging Group\",\"url\":\"https:\\\/\\\/isempackaginggroup.com\\\/fr\\\/\",\"logo\":{\"@type\":\"ImageObject\",\"inLanguage\":\"fr-FR\",\"@id\":\"https:\\\/\\\/isempackaginggroup.com\\\/fr\\\/#\\\/schema\\\/logo\\\/image\\\/\",\"url\":\"https:\\\/\\\/isempackaginggroup.com\\\/luxury-packaging\\\/wp-content\\\/uploads\\\/2024\\\/01\\\/logo-ISEM-2023.jpg\",\"contentUrl\":\"https:\\\/\\\/isempackaginggroup.com\\\/luxury-packaging\\\/wp-content\\\/uploads\\\/2024\\\/01\\\/logo-ISEM-2023.jpg\",\"width\":2560,\"height\":1812,\"caption\":\"Isem Packaging Group\"},\"image\":{\"@id\":\"https:\\\/\\\/isempackaginggroup.com\\\/fr\\\/#\\\/schema\\\/logo\\\/image\\\/\"},\"sameAs\":[\"https:\\\/\\\/www.linkedin.com\\\/company\\\/isemgroup\\\/\"]},{\"@type\":\"Person\",\"@id\":\"https:\\\/\\\/isempackaginggroup.com\\\/fr\\\/#\\\/schema\\\/person\\\/5901e81f7d6061a5b60113eb714a9e62\",\"name\":\"adminipg\",\"image\":{\"@type\":\"ImageObject\",\"inLanguage\":\"fr-FR\",\"@id\":\"https:\\\/\\\/secure.gravatar.com\\\/avatar\\\/846163bbf3be7161946ac75b3f81e1f0794292256dfced346630a607d92f5c1e?s=96&d=mm&r=g\",\"url\":\"https:\\\/\\\/secure.gravatar.com\\\/avatar\\\/846163bbf3be7161946ac75b3f81e1f0794292256dfced346630a607d92f5c1e?s=96&d=mm&r=g\",\"contentUrl\":\"https:\\\/\\\/secure.gravatar.com\\\/avatar\\\/846163bbf3be7161946ac75b3f81e1f0794292256dfced346630a607d92f5c1e?s=96&d=mm&r=g\",\"caption\":\"adminipg\"},\"sameAs\":[\"https:\\\/\\\/isempackaginggroup.com\\\/luxury-packaging\"],\"url\":\"https:\\\/\\\/isempackaginggroup.com\\\/fr\\\/author\\\/adminipg\\\/\"}]}<\/script>\n<!-- \/ Yoast SEO plugin. -->","yoast_head_json":{"title":"ISEM Packaging Group \u00e0 Luxe Pack Monaco 2025 : entre l\u2019Italie et l\u2019Espagne, le nouveau visage du packaging de luxe europ\u00e9en - Isem Packaging Group","robots":{"index":"index","follow":"follow","max-snippet":"max-snippet:-1","max-image-preview":"max-image-preview:large","max-video-preview":"max-video-preview:-1"},"canonical":"https:\/\/isempackaginggroup.com\/fr\/isem-packaging-group-a-luxe-pack-monaco-2025-entre-litalie-et-lespagne-le-nouveau-visage-du-packaging-de-luxe-europeen\/","og_locale":"fr_FR","og_type":"article","og_title":"ISEM Packaging Group \u00e0 Luxe Pack Monaco 2025 : entre l\u2019Italie et l\u2019Espagne, le nouveau visage du packaging de luxe europ\u00e9en - Isem Packaging Group","og_description":"[vc_row][vc_column][vc_column_text css=&#8221;&#8221;]Du 29 septembre au 1er octobre 2025, ISEM Packaging Group sera pr\u00e9sent au Grimaldi Forum \u00e0 Monaco \u00e0 l\u2019occasion du salon Luxe Pack, le rendez-vous international incontournable, reconnu comme le carrefour mondial du design, de la durabilit\u00e9 et de la cr\u00e9ativit\u00e9 dans le packaging haut de gamme. Cette \u00e9dition marquera une \u00e9tape cl\u00e9 pour","og_url":"https:\/\/isempackaginggroup.com\/fr\/isem-packaging-group-a-luxe-pack-monaco-2025-entre-litalie-et-lespagne-le-nouveau-visage-du-packaging-de-luxe-europeen\/","og_site_name":"Isem Packaging Group","article_published_time":"2025-09-10T09:59:13+00:00","article_modified_time":"2025-09-10T15:47:47+00:00","og_image":[{"width":1600,"height":1200,"url":"https:\/\/isempackaginggroup.com\/luxury-packaging\/wp-content\/uploads\/2025\/09\/jimmy_chou_packaging.jpg","type":"image\/jpeg"}],"author":"adminipg","twitter_card":"summary_large_image","twitter_misc":{"Written by":"adminipg","Est. reading time":"9 minutes"},"schema":{"@context":"https:\/\/schema.org","@graph":[{"@type":"Article","@id":"https:\/\/isempackaginggroup.com\/fr\/isem-packaging-group-a-luxe-pack-monaco-2025-entre-litalie-et-lespagne-le-nouveau-visage-du-packaging-de-luxe-europeen\/#article","isPartOf":{"@id":"https:\/\/isempackaginggroup.com\/fr\/isem-packaging-group-a-luxe-pack-monaco-2025-entre-litalie-et-lespagne-le-nouveau-visage-du-packaging-de-luxe-europeen\/"},"author":{"name":"adminipg","@id":"https:\/\/isempackaginggroup.com\/fr\/#\/schema\/person\/5901e81f7d6061a5b60113eb714a9e62"},"headline":"ISEM Packaging Group \u00e0 Luxe Pack Monaco 2025 : entre l\u2019Italie et l\u2019Espagne, le nouveau visage du packaging de luxe europ\u00e9en","datePublished":"2025-09-10T09:59:13+00:00","dateModified":"2025-09-10T15:47:47+00:00","mainEntityOfPage":{"@id":"https:\/\/isempackaginggroup.com\/fr\/isem-packaging-group-a-luxe-pack-monaco-2025-entre-litalie-et-lespagne-le-nouveau-visage-du-packaging-de-luxe-europeen\/"},"wordCount":1727,"publisher":{"@id":"https:\/\/isempackaginggroup.com\/fr\/#organization"},"image":{"@id":"https:\/\/isempackaginggroup.com\/fr\/isem-packaging-group-a-luxe-pack-monaco-2025-entre-litalie-et-lespagne-le-nouveau-visage-du-packaging-de-luxe-europeen\/#primaryimage"},"thumbnailUrl":"https:\/\/isempackaginggroup.com\/luxury-packaging\/wp-content\/uploads\/2025\/09\/jimmy_chou_packaging.jpg","keywords":["ev","Fiera Packaging","fiere","Luxepack","Luxepack Monaco","luxury packaging"],"articleSection":["\u00c9v\u00e9nements","Foires","News"],"inLanguage":"fr-FR"},{"@type":"WebPage","@id":"https:\/\/isempackaginggroup.com\/fr\/isem-packaging-group-a-luxe-pack-monaco-2025-entre-litalie-et-lespagne-le-nouveau-visage-du-packaging-de-luxe-europeen\/","url":"https:\/\/isempackaginggroup.com\/fr\/isem-packaging-group-a-luxe-pack-monaco-2025-entre-litalie-et-lespagne-le-nouveau-visage-du-packaging-de-luxe-europeen\/","name":"ISEM Packaging Group \u00e0 Luxe Pack Monaco 2025 : entre l\u2019Italie et l\u2019Espagne, le nouveau visage du packaging de luxe europ\u00e9en - Isem Packaging Group","isPartOf":{"@id":"https:\/\/isempackaginggroup.com\/fr\/#website"},"primaryImageOfPage":{"@id":"https:\/\/isempackaginggroup.com\/fr\/isem-packaging-group-a-luxe-pack-monaco-2025-entre-litalie-et-lespagne-le-nouveau-visage-du-packaging-de-luxe-europeen\/#primaryimage"},"image":{"@id":"https:\/\/isempackaginggroup.com\/fr\/isem-packaging-group-a-luxe-pack-monaco-2025-entre-litalie-et-lespagne-le-nouveau-visage-du-packaging-de-luxe-europeen\/#primaryimage"},"thumbnailUrl":"https:\/\/isempackaginggroup.com\/luxury-packaging\/wp-content\/uploads\/2025\/09\/jimmy_chou_packaging.jpg","datePublished":"2025-09-10T09:59:13+00:00","dateModified":"2025-09-10T15:47:47+00:00","breadcrumb":{"@id":"https:\/\/isempackaginggroup.com\/fr\/isem-packaging-group-a-luxe-pack-monaco-2025-entre-litalie-et-lespagne-le-nouveau-visage-du-packaging-de-luxe-europeen\/#breadcrumb"},"inLanguage":"fr-FR","potentialAction":[{"@type":"ReadAction","target":["https:\/\/isempackaginggroup.com\/fr\/isem-packaging-group-a-luxe-pack-monaco-2025-entre-litalie-et-lespagne-le-nouveau-visage-du-packaging-de-luxe-europeen\/"]}]},{"@type":"ImageObject","inLanguage":"fr-FR","@id":"https:\/\/isempackaginggroup.com\/fr\/isem-packaging-group-a-luxe-pack-monaco-2025-entre-litalie-et-lespagne-le-nouveau-visage-du-packaging-de-luxe-europeen\/#primaryimage","url":"https:\/\/isempackaginggroup.com\/luxury-packaging\/wp-content\/uploads\/2025\/09\/jimmy_chou_packaging.jpg","contentUrl":"https:\/\/isempackaginggroup.com\/luxury-packaging\/wp-content\/uploads\/2025\/09\/jimmy_chou_packaging.jpg","width":1600,"height":1200},{"@type":"BreadcrumbList","@id":"https:\/\/isempackaginggroup.com\/fr\/isem-packaging-group-a-luxe-pack-monaco-2025-entre-litalie-et-lespagne-le-nouveau-visage-du-packaging-de-luxe-europeen\/#breadcrumb","itemListElement":[{"@type":"ListItem","position":1,"name":"Home","item":"https:\/\/isempackaginggroup.com\/fr\/"},{"@type":"ListItem","position":2,"name":"ISEM Packaging Group \u00e0 Luxe Pack Monaco 2025 : entre l\u2019Italie et l\u2019Espagne, le nouveau visage du packaging de luxe europ\u00e9en"}]},{"@type":"WebSite","@id":"https:\/\/isempackaginggroup.com\/fr\/#website","url":"https:\/\/isempackaginggroup.com\/fr\/","name":"Isem Packaging Group","description":"","publisher":{"@id":"https:\/\/isempackaginggroup.com\/fr\/#organization"},"potentialAction":[{"@type":"SearchAction","target":{"@type":"EntryPoint","urlTemplate":"https:\/\/isempackaginggroup.com\/fr\/?s={search_term_string}"},"query-input":{"@type":"PropertyValueSpecification","valueRequired":true,"valueName":"search_term_string"}}],"inLanguage":"fr-FR"},{"@type":"Organization","@id":"https:\/\/isempackaginggroup.com\/fr\/#organization","name":"Isem Packaging Group","url":"https:\/\/isempackaginggroup.com\/fr\/","logo":{"@type":"ImageObject","inLanguage":"fr-FR","@id":"https:\/\/isempackaginggroup.com\/fr\/#\/schema\/logo\/image\/","url":"https:\/\/isempackaginggroup.com\/luxury-packaging\/wp-content\/uploads\/2024\/01\/logo-ISEM-2023.jpg","contentUrl":"https:\/\/isempackaginggroup.com\/luxury-packaging\/wp-content\/uploads\/2024\/01\/logo-ISEM-2023.jpg","width":2560,"height":1812,"caption":"Isem Packaging Group"},"image":{"@id":"https:\/\/isempackaginggroup.com\/fr\/#\/schema\/logo\/image\/"},"sameAs":["https:\/\/www.linkedin.com\/company\/isemgroup\/"]},{"@type":"Person","@id":"https:\/\/isempackaginggroup.com\/fr\/#\/schema\/person\/5901e81f7d6061a5b60113eb714a9e62","name":"adminipg","image":{"@type":"ImageObject","inLanguage":"fr-FR","@id":"https:\/\/secure.gravatar.com\/avatar\/846163bbf3be7161946ac75b3f81e1f0794292256dfced346630a607d92f5c1e?s=96&d=mm&r=g","url":"https:\/\/secure.gravatar.com\/avatar\/846163bbf3be7161946ac75b3f81e1f0794292256dfced346630a607d92f5c1e?s=96&d=mm&r=g","contentUrl":"https:\/\/secure.gravatar.com\/avatar\/846163bbf3be7161946ac75b3f81e1f0794292256dfced346630a607d92f5c1e?s=96&d=mm&r=g","caption":"adminipg"},"sameAs":["https:\/\/isempackaginggroup.com\/luxury-packaging"],"url":"https:\/\/isempackaginggroup.com\/fr\/author\/adminipg\/"}]}},"_links":{"self":[{"href":"https:\/\/isempackaginggroup.com\/fr\/wp-json\/wp\/v2\/posts\/10780","targetHints":{"allow":["GET"]}}],"collection":[{"href":"https:\/\/isempackaginggroup.com\/fr\/wp-json\/wp\/v2\/posts"}],"about":[{"href":"https:\/\/isempackaginggroup.com\/fr\/wp-json\/wp\/v2\/types\/post"}],"author":[{"embeddable":true,"href":"https:\/\/isempackaginggroup.com\/fr\/wp-json\/wp\/v2\/users\/1"}],"replies":[{"embeddable":true,"href":"https:\/\/isempackaginggroup.com\/fr\/wp-json\/wp\/v2\/comments?post=10780"}],"version-history":[{"count":5,"href":"https:\/\/isempackaginggroup.com\/fr\/wp-json\/wp\/v2\/posts\/10780\/revisions"}],"predecessor-version":[{"id":10822,"href":"https:\/\/isempackaginggroup.com\/fr\/wp-json\/wp\/v2\/posts\/10780\/revisions\/10822"}],"wp:featuredmedia":[{"embeddable":true,"href":"https:\/\/isempackaginggroup.com\/fr\/wp-json\/wp\/v2\/media\/10835"}],"wp:attachment":[{"href":"https:\/\/isempackaginggroup.com\/fr\/wp-json\/wp\/v2\/media?parent=10780"}],"wp:term":[{"taxonomy":"category","embeddable":true,"href":"https:\/\/isempackaginggroup.com\/fr\/wp-json\/wp\/v2\/categories?post=10780"},{"taxonomy":"post_tag","embeddable":true,"href":"https:\/\/isempackaginggroup.com\/fr\/wp-json\/wp\/v2\/tags?post=10780"}],"curies":[{"name":"wp","href":"https:\/\/api.w.org\/{rel}","templated":true}]}}